{"id":73185,"date":"2025-12-01T16:45:52","date_gmt":"2025-12-01T22:45:52","guid":{"rendered":"https:\/\/encuentroinformativo.com.mx\/?p=73185"},"modified":"2025-12-01T16:45:52","modified_gmt":"2025-12-01T22:45:52","slug":"invitan-a-gala-de-navidad-en-beneficio-de-becas-alimenticias","status":"publish","type":"post","link":"https:\/\/encuentroinformativo.com.mx\/?p=73185","title":{"rendered":"Invitan a Gala de Navidad en beneficio de Becas Alimenticias"},"content":{"rendered":"<p><strong>Dar\u00edo Pale<\/strong><\/p>\n<p>Xalapa, Ver.- La Universidad Veracruzana (UV) present\u00f3 la Gala de Navidad de la Orquesta Sinf\u00f3nica de Xalapa (OSX), un concierto de fin de temporada cuyo prop\u00f3sito central ser\u00e1 recaudar fondos para fortalecer el programa de Becas Alimenticias dirigidas a estudiantes en situaci\u00f3n de vulnerabilidad.<\/p>\n<p>Durante la conferencia, autoridades universitarias, representantes del Voluntariado UV y de la Fundaci\u00f3n UV destacaron que este evento permitir\u00e1 seguir apoyando a j\u00f3venes que requieren una alimentaci\u00f3n adecuada para mejorar su desempe\u00f1o acad\u00e9mico.<\/p>\n<p>Voluntariado UV: asistencia con enfoque de derechos<\/p>\n<p>La doctora Celeste Morales Mart\u00ednez, titular del Voluntariado de la UV, se\u00f1al\u00f3 que esta instancia surgi\u00f3 con vocaci\u00f3n de asistencia, pero con el tiempo evolucion\u00f3 hacia un enfoque basado en derechos, ampliando su labor para transformar la vida de los estudiantes.<\/p>\n<p>Explic\u00f3 que actualmente el Voluntariado impulsa cuatro programas principales, entre ellos el de Comedores Universitarios, el m\u00e1s grande y el que convoca a la realizaci\u00f3n de la gala. Este proyecto tiene como objetivo garantizar que estudiantes de la UV puedan acceder a una alimentaci\u00f3n digna.<\/p>\n<p>Entre los otros programas se encuentran:<\/p>\n<p>Apadrina una carta, que busca madrinas y padrinos que donen juguetes, prendas y art\u00edculos \u00fatiles para ni\u00f1as y ni\u00f1os de comunidades donde la UV tiene presencia mediante las Casas UV.<\/p>\n<p>Apoyo a albergues, mediante donaciones y acompa\u00f1amiento psicol\u00f3gico para personas migrantes.<\/p>\n<p>Actividades diversas con enfoque en derechos humanos.<\/p>\n<p>Morales subray\u00f3 que la Gala de Navidad es una estrategia clave para continuar financiando becas alimenticias y ampliar su alcance entre la comunidad universitaria.<\/p>\n<p>Fundaci\u00f3n UV: suma de esfuerzos para estudiantes<\/p>\n<p>El doctor Facundo Enrique Pacheco Rojas, director general de la Fundaci\u00f3n UV, detall\u00f3 que la instituci\u00f3n ha fortalecido su labor como donataria autorizada, ampliando su campo de acci\u00f3n para procurar fondos destinados a distintos tipos de becas.<\/p>\n<p>Record\u00f3 que tradicionalmente la Fundaci\u00f3n operaba el programa de padrinos y madrinas para becas de apoyo acad\u00e9mico; sin embargo, desde 2024 tambi\u00e9n incorpor\u00f3 el respaldo a las becas alimenticias, dada la creciente necesidad entre el estudiantado.<\/p>\n<p>Pacheco Rojas destac\u00f3 que la Fundaci\u00f3n y el Fondo de Empresas trabajan conjuntamente en la operaci\u00f3n de comedores universitarios, los cuales se han incrementado durante este a\u00f1o gracias a las donaciones y a los eventos recaudatorios como la Gala de Navidad.<\/p>\n<p>Un evento para transformar vidas<\/p>\n<p>Las autoridades universitarias coincidieron en que la gala busca incidir directamente en la trayectoria acad\u00e9mica de cientos de j\u00f3venes, brind\u00e1ndoles acceso a una alimentaci\u00f3n adecuada que les permita continuar y mejorar su formaci\u00f3n profesional.<\/p>\n<p>Agradecieron a los presentes por su inter\u00e9s, apoyo y difusi\u00f3n del evento, subrayando que la colaboraci\u00f3n entre dependencias de la UV y sociedad civil es fundamental para seguir impulsando programas que garanticen derechos y oportunidades para la comunidad estudiantil.<\/p>\n<p>&nbsp;<\/p>\n","protected":false},"excerpt":{"rendered":"<p>Dar\u00edo Pale Xalapa, Ver.- La Universidad Veracruzana (UV) present\u00f3 la Gala de Navidad de la Orquesta Sinf\u00f3nica de Xalapa (OSX), un concierto de fin de temporada cuyo prop\u00f3sito central ser\u00e1 recaudar fondos para fortalecer el programa de Becas Alimenticias dirigidas a estudiantes en situaci\u00f3n de vulnerabilidad. Durante la conferencia, autoridades universitarias, representantes del Voluntariado UV [&hellip;]<\/p>\n","protected":false},"author":2476,"featured_media":73186,"comment_status":"open","ping_status":"open","sticky":false,"template":"","format":"standard","meta":{"_jetpack_memberships_contains_paid_content":false,"footnotes":""},"categories":[3],"tags":[],"class_list":["post-73185","post","type-post","status-publish","format-standard","has-post-thumbnail","hentry","category-xalapa"],"jetpack_featured_media_url":"https:\/\/encuentroinformativo.com.mx\/wp-content\/uploads\/2025\/12\/IMG-20251201-WA03982.jpg","jetpack_sharing_enabled":true,"jetpack_likes_enabled":true,"amp_enabled":true,"_links":{"self":[{"href":"https:\/\/encuentroinformativo.com.mx\/index.php?rest_route=\/wp\/v2\/posts\/73185","targetHints":{"allow":["GET"]}}],"collection":[{"href":"https:\/\/encuentroinformativo.com.mx\/index.php?rest_route=\/wp\/v2\/posts"}],"about":[{"href":"https:\/\/encuentroinformativo.com.mx\/index.php?rest_route=\/wp\/v2\/types\/post"}],"author":[{"embeddable":true,"href":"https:\/\/encuentroinformativo.com.mx\/index.php?rest_route=\/wp\/v2\/users\/2476"}],"replies":[{"embeddable":true,"href":"https:\/\/encuentroinformativo.com.mx\/index.php?rest_route=%2Fwp%2Fv2%2Fcomments&post=73185"}],"version-history":[{"count":1,"href":"https:\/\/encuentroinformativo.com.mx\/index.php?rest_route=\/wp\/v2\/posts\/73185\/revisions"}],"predecessor-version":[{"id":73187,"href":"https:\/\/encuentroinformativo.com.mx\/index.php?rest_route=\/wp\/v2\/posts\/73185\/revisions\/73187"}],"wp:featuredmedia":[{"embeddable":true,"href":"https:\/\/encuentroinformativo.com.mx\/index.php?rest_route=\/wp\/v2\/media\/73186"}],"wp:attachment":[{"href":"https:\/\/encuentroinformativo.com.mx\/index.php?rest_route=%2Fwp%2Fv2%2Fmedia&parent=73185"}],"wp:term":[{"taxonomy":"category","embeddable":true,"href":"https:\/\/encuentroinformativo.com.mx\/index.php?rest_route=%2Fwp%2Fv2%2Fcategories&post=73185"},{"taxonomy":"post_tag","embeddable":true,"href":"https:\/\/encuentroinformativo.com.mx\/index.php?rest_route=%2Fwp%2Fv2%2Ftags&post=73185"}],"curies":[{"name":"wp","href":"https:\/\/api.w.org\/{rel}","templated":true}]}}