{"id":73220,"date":"2025-12-02T14:59:42","date_gmt":"2025-12-02T20:59:42","guid":{"rendered":"https:\/\/encuentroinformativo.com.mx\/?p=73220"},"modified":"2025-12-02T14:59:42","modified_gmt":"2025-12-02T20:59:42","slug":"por-temporada-invernal-instalan-modulo-de-vacunacion","status":"publish","type":"post","link":"https:\/\/encuentroinformativo.com.mx\/?p=73220","title":{"rendered":"Por temporada invernal, instalan m\u00f3dulo de vacunaci\u00f3n"},"content":{"rendered":"<p><strong>Dar\u00edo Pale<\/strong><\/p>\n<p>Xalapa, Ver.- Ante el inicio de la temporada invernal, autoridades de salud instalaron un m\u00f3dulo de vacunaci\u00f3n en las afueras del Palacio Municipal, donde se aplican vacunas contra la influenza estacional y Covid-19 para toda la poblaci\u00f3n a partir de los seis meses de edad.<\/p>\n<p>De manera paralela, en el m\u00f3dulo ubicado en el centro de la ciudad tambi\u00e9n se est\u00e1n aplicando vacunas contra el t\u00e9tanos y hepatitis B para personas adultas.<\/p>\n<p>El enfermero Oved S\u00e1nchez, de los Servicios de Salud de Veracruz, explic\u00f3 que tanto la vacuna contra influenza como la de Covid-19 formar\u00e1n parte del esquema de inmunizaci\u00f3n anual durante el invierno, debido al incremento de las enfermedades respiratorias.<\/p>\n<p>\u201cLa vacuna de influenza y Covid van a ser ya de cada a\u00f1o por temporada invernal. En estos meses aumentan los casos y hay que prevenir antes de que llegue lo m\u00e1s fuerte\u201d, se\u00f1al\u00f3.<\/p>\n<p>Las personas vacunadas reciben un comprobante que posteriormente deben anexar a su cartilla de vacunaci\u00f3n.<\/p>\n<p>El punto de vacunaci\u00f3n del centro permanecer\u00e1 en servicio hasta el 19 de diciembre, con horario de lunes a viernes de 8:00 a 15:00 horas.<\/p>\n<p>S\u00e1nchez inform\u00f3 que la participaci\u00f3n ha sido positiva y que, adem\u00e1s del m\u00f3dulo del centro, las vacunas se encuentran disponibles en todos los centros de salud de la ciudad.<\/p>\n<p>\u201cSe ha notado buena participaci\u00f3n. Al principio ven\u00edan otros compa\u00f1eros, pero s\u00ed hubo bastante demanda de influenza\u201d, coment\u00f3.<\/p>\n<p>Ciudadanos llaman a aprovechar las campa\u00f1as<\/p>\n<p>Entre los asistentes al m\u00f3dulo se encontraba Amaury Cu\u00e9llar Hern\u00e1ndez, quien invit\u00f3 a la poblaci\u00f3n a acudir por sus dosis y protegerse durante el invierno.<\/p>\n<p>\u201cHay que aprovechar estas campa\u00f1as; las vacunas pueden salvar vidas. Con el clima tan propenso a enfermedades respiratorias, tienen todav\u00eda m\u00e1s importancia\u201d, expres\u00f3.<\/p>\n<p>Se\u00f1al\u00f3 que est\u00e1 m\u00e1s que comprobado el beneficio de estos biol\u00f3gicos, especialmente para sectores vulnerables como adultos mayores, ni\u00f1as y ni\u00f1os o personas con enfermedades cr\u00f3nicas.<\/p>\n<p><img loading=\"lazy\" decoding=\"async\" class=\"aligncenter size-medium wp-image-73222\" src=\"https:\/\/encuentroinformativo.com.mx\/wp-content\/uploads\/2025\/12\/IMG-20251202-WA0297-300x200.jpg\" alt=\"\" width=\"300\" height=\"200\" srcset=\"https:\/\/encuentroinformativo.com.mx\/wp-content\/uploads\/2025\/12\/IMG-20251202-WA0297-300x200.jpg 300w, https:\/\/encuentroinformativo.com.mx\/wp-content\/uploads\/2025\/12\/IMG-20251202-WA0297-1024x683.jpg 1024w, https:\/\/encuentroinformativo.com.mx\/wp-content\/uploads\/2025\/12\/IMG-20251202-WA0297-768x512.jpg 768w, https:\/\/encuentroinformativo.com.mx\/wp-content\/uploads\/2025\/12\/IMG-20251202-WA0297-1536x1024.jpg 1536w, https:\/\/encuentroinformativo.com.mx\/wp-content\/uploads\/2025\/12\/IMG-20251202-WA0297-2048x1365.jpg 2048w\" sizes=\"auto, (max-width: 300px) 100vw, 300px\" \/><\/p>\n","protected":false},"excerpt":{"rendered":"<p>Dar\u00edo Pale Xalapa, Ver.- Ante el inicio de la temporada invernal, autoridades de salud instalaron un m\u00f3dulo de vacunaci\u00f3n en las afueras del Palacio Municipal, donde se aplican vacunas contra la influenza estacional y Covid-19 para toda la poblaci\u00f3n a partir de los seis meses de edad. De manera paralela, en el m\u00f3dulo ubicado en [&hellip;]<\/p>\n","protected":false},"author":2476,"featured_media":73221,"comment_status":"open","ping_status":"open","sticky":false,"template":"","format":"standard","meta":{"_jetpack_memberships_contains_paid_content":false,"footnotes":""},"categories":[9],"tags":[],"class_list":["post-73220","post","type-post","status-publish","format-standard","has-post-thumbnail","hentry","category-salud"],"jetpack_featured_media_url":"https:\/\/encuentroinformativo.com.mx\/wp-content\/uploads\/2025\/12\/IMG-20251202-WA0296-scaled.jpg","jetpack_sharing_enabled":true,"jetpack_likes_enabled":true,"amp_enabled":true,"_links":{"self":[{"href":"https:\/\/encuentroinformativo.com.mx\/index.php?rest_route=\/wp\/v2\/posts\/73220","targetHints":{"allow":["GET"]}}],"collection":[{"href":"https:\/\/encuentroinformativo.com.mx\/index.php?rest_route=\/wp\/v2\/posts"}],"about":[{"href":"https:\/\/encuentroinformativo.com.mx\/index.php?rest_route=\/wp\/v2\/types\/post"}],"author":[{"embeddable":true,"href":"https:\/\/encuentroinformativo.com.mx\/index.php?rest_route=\/wp\/v2\/users\/2476"}],"replies":[{"embeddable":true,"href":"https:\/\/encuentroinformativo.com.mx\/index.php?rest_route=%2Fwp%2Fv2%2Fcomments&post=73220"}],"version-history":[{"count":1,"href":"https:\/\/encuentroinformativo.com.mx\/index.php?rest_route=\/wp\/v2\/posts\/73220\/revisions"}],"predecessor-version":[{"id":73223,"href":"https:\/\/encuentroinformativo.com.mx\/index.php?rest_route=\/wp\/v2\/posts\/73220\/revisions\/73223"}],"wp:featuredmedia":[{"embeddable":true,"href":"https:\/\/encuentroinformativo.com.mx\/index.php?rest_route=\/wp\/v2\/media\/73221"}],"wp:attachment":[{"href":"https:\/\/encuentroinformativo.com.mx\/index.php?rest_route=%2Fwp%2Fv2%2Fmedia&parent=73220"}],"wp:term":[{"taxonomy":"category","embeddable":true,"href":"https:\/\/encuentroinformativo.com.mx\/index.php?rest_route=%2Fwp%2Fv2%2Fcategories&post=73220"},{"taxonomy":"post_tag","embeddable":true,"href":"https:\/\/encuentroinformativo.com.mx\/index.php?rest_route=%2Fwp%2Fv2%2Ftags&post=73220"}],"curies":[{"name":"wp","href":"https:\/\/api.w.org\/{rel}","templated":true}]}}