{"id":73231,"date":"2025-12-03T14:20:18","date_gmt":"2025-12-03T20:20:18","guid":{"rendered":"https:\/\/encuentroinformativo.com.mx\/?p=73231"},"modified":"2025-12-03T14:20:18","modified_gmt":"2025-12-03T20:20:18","slug":"personas-con-discapacidad-deben-ser-visibles-con-inclusion-senalan-docentes","status":"publish","type":"post","link":"https:\/\/encuentroinformativo.com.mx\/?p=73231","title":{"rendered":"Personas con discapacidad deben ser visibles con inclusi\u00f3n, se\u00f1alan docentes"},"content":{"rendered":"<p><strong>Dar\u00edo Pale<\/strong><\/p>\n<p>Xalapa, Ver.- En el marco del D\u00eda Internacional de las Personas con Discapacidad, la maestra Sandra Romero Agust\u00edn, directora del Centro de Atenci\u00f3n M\u00faltiple (CAM) No. 55, destac\u00f3 la importancia de visibilizar las necesidades, capacidades y derechos de esta poblaci\u00f3n, subrayando que a\u00fan persisten barreras sociales, culturales y econ\u00f3micas que limitan su pleno desarrollo.<\/p>\n<p>Durante la caravana organizada por diversos servicios de educaci\u00f3n especial, Romero Agust\u00edn record\u00f3 que esta fecha fue proclamada por la Organizaci\u00f3n de las Naciones Unidas para promover los derechos y el bienestar de las personas con discapacidad. Agradeci\u00f3 la presencia de autoridades educativas, jefaturas de sector y directores de varios CAM, entre ellos el CAMP 74, CAMP 68 y CAMP Bello Aguirre.<\/p>\n<p>Persisten brechas en salud, trabajo y acceso a servicios especializados<\/p>\n<p>La directora se\u00f1al\u00f3 que, a pesar de los avances legislativos, a\u00fan existe un largo camino por recorrer para garantizar que las personas con discapacidad gocen plenamente de sus derechos. Uno de los m\u00e1s rezagados, dijo, es el derecho a la salud, ya que muchos j\u00f3venes requieren servicios especializados como tomograf\u00edas, neuropediatras o neuropsiquiatras, as\u00ed como medicamentos espec\u00edficos que no siempre est\u00e1n disponibles para todas las familias.<\/p>\n<p>En materia laboral, expuso que aunque algunas empresas han abierto espacios para la inclusi\u00f3n, el porcentaje de j\u00f3venes egresados que logran colocarse en un empleo formal sigue siendo bajo.<\/p>\n<p>\u201cEstamos hablando de apenas un 20 por ciento, aproximadamente. A\u00fan nos falta mucho\u201d, subray\u00f3.<\/p>\n<p>Aun as\u00ed, celebr\u00f3 que algunos alumnos ya est\u00e9n integrados en centros de trabajo, demostrando que tienen habilidades y capacidades que deben ser reconocidas en igualdad de condiciones. \u201cNo buscamos un trato diferenciado, sino igualdad\u201d, enfatiz\u00f3.<\/p>\n<p>Llamado a las familias: no aislar a los ni\u00f1os, llevarlos a temprana edad<\/p>\n<p>Romero Agust\u00edn tambi\u00e9n hizo un llamado urgente a los padres de familia para que no mantengan a sus hijos en casa por miedo al rechazo. Dijo que muchos llegan por primera vez a los 12 o 15 a\u00f1os, lo que significa haber perdido valiosos a\u00f1os de desarrollo.<\/p>\n<p>Afirm\u00f3 que los CAM y los servicios de educaci\u00f3n especial ofrecen atenci\u00f3n desde educaci\u00f3n inicial, preescolar, primaria y posteriormente formaci\u00f3n laboral, lo que permite que los estudiantes adquieran independencia y competencias \u00fatiles para la vida.<\/p>\n<p>\u201cSi los ni\u00f1os reciben estimulaci\u00f3n y apoyo desde peque\u00f1os, pueden desempe\u00f1arse como cualquier ciudadano. Hemos visto trabajos incre\u00edbles: pasteles, decoraciones, productos de panader\u00eda y serigraf\u00eda\u201d, explic\u00f3.<\/p>\n<p>Destac\u00f3 el trabajo \u201ctit\u00e1nico\u201d de los maestros de educaci\u00f3n especial, quienes gu\u00edan de manera personalizada a cada estudiante para desarrollar habilidades motrices, cognitivas y laborales.<\/p>\n<p>Atenci\u00f3n actual en el CAM 55<\/p>\n<p>El CAM No. 55 brinda servicio a aproximadamente 70 alumnos, aunque reconoci\u00f3 que otros CAM estatales y federales atienden a un n\u00famero mayor. La maestra recomend\u00f3 que las cifras estatales sean proporcionadas por la jefatura de departamento presente en el evento, ya que manejan el panorama completo a nivel Veracruz.<\/p>\n<p>Romero Agust\u00edn reiter\u00f3 que las escuelas de educaci\u00f3n especial son p\u00fablicas y gratuitas, con personal especializado -psic\u00f3logos, maestros de comunicaci\u00f3n, docentes de taller y especialistas egresados de la Normal Veracruzana- preparados para atender de manera integral a ni\u00f1os y j\u00f3venes con discapacidad.<\/p>\n<p>Finalmente, insisti\u00f3 en que la inclusi\u00f3n comienza desde casa y desde edades tempranas, \u201csi reciben atenci\u00f3n oportuna, ellos pueden lograr una vida digna, independiente y con oportunidades reales\u201d.<\/p>\n","protected":false},"excerpt":{"rendered":"<p>Dar\u00edo Pale Xalapa, Ver.- En el marco del D\u00eda Internacional de las Personas con Discapacidad, la maestra Sandra Romero Agust\u00edn, directora del Centro de Atenci\u00f3n M\u00faltiple (CAM) No. 55, destac\u00f3 la importancia de visibilizar las necesidades, capacidades y derechos de esta poblaci\u00f3n, subrayando que a\u00fan persisten barreras sociales, culturales y econ\u00f3micas que limitan su pleno [&hellip;]<\/p>\n","protected":false},"author":2476,"featured_media":73232,"comment_status":"open","ping_status":"open","sticky":false,"template":"","format":"standard","meta":{"_jetpack_memberships_contains_paid_content":false,"footnotes":""},"categories":[3],"tags":[],"class_list":["post-73231","post","type-post","status-publish","format-standard","has-post-thumbnail","hentry","category-xalapa"],"jetpack_featured_media_url":"https:\/\/encuentroinformativo.com.mx\/wp-content\/uploads\/2025\/12\/IMG-20251203-WA0149.jpg","jetpack_sharing_enabled":true,"jetpack_likes_enabled":true,"amp_enabled":true,"_links":{"self":[{"href":"https:\/\/encuentroinformativo.com.mx\/index.php?rest_route=\/wp\/v2\/posts\/73231","targetHints":{"allow":["GET"]}}],"collection":[{"href":"https:\/\/encuentroinformativo.com.mx\/index.php?rest_route=\/wp\/v2\/posts"}],"about":[{"href":"https:\/\/encuentroinformativo.com.mx\/index.php?rest_route=\/wp\/v2\/types\/post"}],"author":[{"embeddable":true,"href":"https:\/\/encuentroinformativo.com.mx\/index.php?rest_route=\/wp\/v2\/users\/2476"}],"replies":[{"embeddable":true,"href":"https:\/\/encuentroinformativo.com.mx\/index.php?rest_route=%2Fwp%2Fv2%2Fcomments&post=73231"}],"version-history":[{"count":1,"href":"https:\/\/encuentroinformativo.com.mx\/index.php?rest_route=\/wp\/v2\/posts\/73231\/revisions"}],"predecessor-version":[{"id":73233,"href":"https:\/\/encuentroinformativo.com.mx\/index.php?rest_route=\/wp\/v2\/posts\/73231\/revisions\/73233"}],"wp:featuredmedia":[{"embeddable":true,"href":"https:\/\/encuentroinformativo.com.mx\/index.php?rest_route=\/wp\/v2\/media\/73232"}],"wp:attachment":[{"href":"https:\/\/encuentroinformativo.com.mx\/index.php?rest_route=%2Fwp%2Fv2%2Fmedia&parent=73231"}],"wp:term":[{"taxonomy":"category","embeddable":true,"href":"https:\/\/encuentroinformativo.com.mx\/index.php?rest_route=%2Fwp%2Fv2%2Fcategories&post=73231"},{"taxonomy":"post_tag","embeddable":true,"href":"https:\/\/encuentroinformativo.com.mx\/index.php?rest_route=%2Fwp%2Fv2%2Ftags&post=73231"}],"curies":[{"name":"wp","href":"https:\/\/api.w.org\/{rel}","templated":true}]}}