{"id":73242,"date":"2025-12-03T17:31:16","date_gmt":"2025-12-03T23:31:16","guid":{"rendered":"https:\/\/encuentroinformativo.com.mx\/?p=73242"},"modified":"2025-12-03T17:31:16","modified_gmt":"2025-12-03T23:31:16","slug":"mane-de-la-parra-en-veracruz-para-25-aniversario-de-la-casona","status":"publish","type":"post","link":"https:\/\/encuentroinformativo.com.mx\/?p=73242","title":{"rendered":"Mane de la Parra en Veracruz para 25 aniversario de La Casona"},"content":{"rendered":"<p><strong>Alejandro \u00c1vila<\/strong><\/p>\n<p>Veracruz, Ver.- El cantante Mane de la Parra regresa a Veracruz para ofrecer por todo lo alto un concierto en el marco de las celebraciones de los 25 a\u00f1os de La Casona de la Condesa.<\/p>\n<p>El concierto tendr\u00e1 lugar el s\u00e1bado 20 de diciembre a partir de las 22:00 horas en el WTC Veracruz y se har\u00e1 acompa\u00f1ar de m\u00e1s estrellas de la m\u00fasica como Gerry, B\u00e1rbara Rojas y Dj Zary, quienes tambi\u00e9n han forjado su trayectoria musical en La Casona.<\/p>\n<p>Los hermanos Daniel y Tito Noriega, fundadores de La Casona de la Condesa, preparan esta magna celebraci\u00f3n de los 25 a\u00f1os con la presencia de uno de los grandes talentos que en m\u00faltiples ocasiones cant\u00f3 en dicho recinto y en donde pr\u00e1cticamente naci\u00f3 art\u00edsticamente.<\/p>\n<p>Mane de la Parra, nieto de la afamada escritora Yolanda Vargas Dulch\u00e9 y hermano de la directora de orquesta mexicana Alondra de la Parra, regresa a estas tierras con un c\u00famulo de experiencia consagrado como cantante, compositor, actor y productor.<\/p>\n<p>Con una trayectoria destacada en la m\u00fasica y la actuaci\u00f3n, sin duda alguna Mane de la Parra se ha ganado el cari\u00f1o del p\u00fablico gracias a su talento y versatilidad.<\/p>\n","protected":false},"excerpt":{"rendered":"<p>Alejandro \u00c1vila Veracruz, Ver.- El cantante Mane de la Parra regresa a Veracruz para ofrecer por todo lo alto un concierto en el marco de las celebraciones de los 25 a\u00f1os de La Casona de la Condesa. El concierto tendr\u00e1 lugar el s\u00e1bado 20 de diciembre a partir de las 22:00 horas en el WTC [&hellip;]<\/p>\n","protected":false},"author":2476,"featured_media":73243,"comment_status":"open","ping_status":"open","sticky":false,"template":"","format":"standard","meta":{"_jetpack_memberships_contains_paid_content":false,"footnotes":""},"categories":[2],"tags":[],"class_list":["post-73242","post","type-post","status-publish","format-standard","has-post-thumbnail","hentry","category-estado"],"jetpack_featured_media_url":"https:\/\/encuentroinformativo.com.mx\/wp-content\/uploads\/2025\/12\/IMG-20251203-WA0246.jpg","jetpack_sharing_enabled":true,"jetpack_likes_enabled":true,"amp_enabled":true,"_links":{"self":[{"href":"https:\/\/encuentroinformativo.com.mx\/index.php?rest_route=\/wp\/v2\/posts\/73242","targetHints":{"allow":["GET"]}}],"collection":[{"href":"https:\/\/encuentroinformativo.com.mx\/index.php?rest_route=\/wp\/v2\/posts"}],"about":[{"href":"https:\/\/encuentroinformativo.com.mx\/index.php?rest_route=\/wp\/v2\/types\/post"}],"author":[{"embeddable":true,"href":"https:\/\/encuentroinformativo.com.mx\/index.php?rest_route=\/wp\/v2\/users\/2476"}],"replies":[{"embeddable":true,"href":"https:\/\/encuentroinformativo.com.mx\/index.php?rest_route=%2Fwp%2Fv2%2Fcomments&post=73242"}],"version-history":[{"count":1,"href":"https:\/\/encuentroinformativo.com.mx\/index.php?rest_route=\/wp\/v2\/posts\/73242\/revisions"}],"predecessor-version":[{"id":73244,"href":"https:\/\/encuentroinformativo.com.mx\/index.php?rest_route=\/wp\/v2\/posts\/73242\/revisions\/73244"}],"wp:featuredmedia":[{"embeddable":true,"href":"https:\/\/encuentroinformativo.com.mx\/index.php?rest_route=\/wp\/v2\/media\/73243"}],"wp:attachment":[{"href":"https:\/\/encuentroinformativo.com.mx\/index.php?rest_route=%2Fwp%2Fv2%2Fmedia&parent=73242"}],"wp:term":[{"taxonomy":"category","embeddable":true,"href":"https:\/\/encuentroinformativo.com.mx\/index.php?rest_route=%2Fwp%2Fv2%2Fcategories&post=73242"},{"taxonomy":"post_tag","embeddable":true,"href":"https:\/\/encuentroinformativo.com.mx\/index.php?rest_route=%2Fwp%2Fv2%2Ftags&post=73242"}],"curies":[{"name":"wp","href":"https:\/\/api.w.org\/{rel}","templated":true}]}}