{"id":73248,"date":"2025-12-03T17:40:00","date_gmt":"2025-12-03T23:40:00","guid":{"rendered":"https:\/\/encuentroinformativo.com.mx\/?p=73248"},"modified":"2025-12-03T17:40:00","modified_gmt":"2025-12-03T23:40:00","slug":"fallece-persona-de-la-tercera-edad-en-autobus-de-los-tuxtlas","status":"publish","type":"post","link":"https:\/\/encuentroinformativo.com.mx\/?p=73248","title":{"rendered":"Fallece persona de la tercera edad en autob\u00fas de los Tuxtlas"},"content":{"rendered":"<p><strong>Alejandro \u00c1vila<\/strong><\/p>\n<p>Boca del R\u00edo, Ver.- Una persona de la tercera edad que viajaba a bordo de un autob\u00fas de pasaje Los Tuxtlas con n\u00famero econ\u00f3mico 2237 falleci\u00f3 la ma\u00f1ana de este mi\u00e9rcoles 3 de diciembre, sobre la avenida Ej\u00e9rcito Mexicano del municipio de Boca del R\u00edo.<\/p>\n<p>El sujeto de aproximadamente 60 a\u00f1os de edad pero a\u00fan no identificado se desplom\u00f3 sobre el asiento, por lo que al percatarse el resto de los pasajeros que se encontraba inerte pidieron al chofer detenerse.<\/p>\n<p>La situaci\u00f3n se report\u00f3 al n\u00famero de emergencia 911, por lo que al sitio arribaron elementos de Bomberos Conurbados, cuyos param\u00e9dicos nada pudieron hacer para salvarle la vida.<\/p>\n<p>Ante la falta de signos vitales, se solicit\u00f3 la presencia de personal de la Fiscal\u00eda General del Estado de Veracruz, quienes realizaron las diligencias correspondientes y el levantamiento del cuerpo.<\/p>\n<p>De acuerdo a los testimonios de los pasajeros, todo parece indicar que la causa del fallecimiento fue un paro cardiaco fulminante, por lo que solo queda esperar que los familiares reclamen el cuerpo.<\/p>\n<p><img loading=\"lazy\" decoding=\"async\" class=\"aligncenter size-medium wp-image-73250\" src=\"https:\/\/encuentroinformativo.com.mx\/wp-content\/uploads\/2025\/12\/IMG-20251203-WA0241-300x225.jpg\" alt=\"\" width=\"300\" height=\"225\" srcset=\"https:\/\/encuentroinformativo.com.mx\/wp-content\/uploads\/2025\/12\/IMG-20251203-WA0241-300x225.jpg 300w, https:\/\/encuentroinformativo.com.mx\/wp-content\/uploads\/2025\/12\/IMG-20251203-WA0241-1024x768.jpg 1024w, https:\/\/encuentroinformativo.com.mx\/wp-content\/uploads\/2025\/12\/IMG-20251203-WA0241-768x576.jpg 768w, https:\/\/encuentroinformativo.com.mx\/wp-content\/uploads\/2025\/12\/IMG-20251203-WA0241-1536x1152.jpg 1536w, https:\/\/encuentroinformativo.com.mx\/wp-content\/uploads\/2025\/12\/IMG-20251203-WA0241.jpg 1600w\" sizes=\"auto, (max-width: 300px) 100vw, 300px\" \/><\/p>\n","protected":false},"excerpt":{"rendered":"<p>Alejandro \u00c1vila Boca del R\u00edo, Ver.- Una persona de la tercera edad que viajaba a bordo de un autob\u00fas de pasaje Los Tuxtlas con n\u00famero econ\u00f3mico 2237 falleci\u00f3 la ma\u00f1ana de este mi\u00e9rcoles 3 de diciembre, sobre la avenida Ej\u00e9rcito Mexicano del municipio de Boca del R\u00edo. El sujeto de aproximadamente 60 a\u00f1os de edad [&hellip;]<\/p>\n","protected":false},"author":2476,"featured_media":73249,"comment_status":"open","ping_status":"open","sticky":false,"template":"","format":"standard","meta":{"_jetpack_memberships_contains_paid_content":false,"footnotes":""},"categories":[14],"tags":[],"class_list":["post-73248","post","type-post","status-publish","format-standard","has-post-thumbnail","hentry","category-policiaca"],"jetpack_featured_media_url":"https:\/\/encuentroinformativo.com.mx\/wp-content\/uploads\/2025\/12\/IMG-20251203-WA0240.jpg","jetpack_sharing_enabled":true,"jetpack_likes_enabled":true,"amp_enabled":true,"_links":{"self":[{"href":"https:\/\/encuentroinformativo.com.mx\/index.php?rest_route=\/wp\/v2\/posts\/73248","targetHints":{"allow":["GET"]}}],"collection":[{"href":"https:\/\/encuentroinformativo.com.mx\/index.php?rest_route=\/wp\/v2\/posts"}],"about":[{"href":"https:\/\/encuentroinformativo.com.mx\/index.php?rest_route=\/wp\/v2\/types\/post"}],"author":[{"embeddable":true,"href":"https:\/\/encuentroinformativo.com.mx\/index.php?rest_route=\/wp\/v2\/users\/2476"}],"replies":[{"embeddable":true,"href":"https:\/\/encuentroinformativo.com.mx\/index.php?rest_route=%2Fwp%2Fv2%2Fcomments&post=73248"}],"version-history":[{"count":1,"href":"https:\/\/encuentroinformativo.com.mx\/index.php?rest_route=\/wp\/v2\/posts\/73248\/revisions"}],"predecessor-version":[{"id":73251,"href":"https:\/\/encuentroinformativo.com.mx\/index.php?rest_route=\/wp\/v2\/posts\/73248\/revisions\/73251"}],"wp:featuredmedia":[{"embeddable":true,"href":"https:\/\/encuentroinformativo.com.mx\/index.php?rest_route=\/wp\/v2\/media\/73249"}],"wp:attachment":[{"href":"https:\/\/encuentroinformativo.com.mx\/index.php?rest_route=%2Fwp%2Fv2%2Fmedia&parent=73248"}],"wp:term":[{"taxonomy":"category","embeddable":true,"href":"https:\/\/encuentroinformativo.com.mx\/index.php?rest_route=%2Fwp%2Fv2%2Fcategories&post=73248"},{"taxonomy":"post_tag","embeddable":true,"href":"https:\/\/encuentroinformativo.com.mx\/index.php?rest_route=%2Fwp%2Fv2%2Ftags&post=73248"}],"curies":[{"name":"wp","href":"https:\/\/api.w.org\/{rel}","templated":true}]}}