{"id":73289,"date":"2025-12-04T14:14:27","date_gmt":"2025-12-04T20:14:27","guid":{"rendered":"https:\/\/encuentroinformativo.com.mx\/?p=73289"},"modified":"2025-12-04T14:14:27","modified_gmt":"2025-12-04T20:14:27","slug":"investigan-a-veracruzano-por-el-feminicidio-de-una-menor","status":"publish","type":"post","link":"https:\/\/encuentroinformativo.com.mx\/?p=73289","title":{"rendered":"Investigan a veracruzano por el feminicidio de una menor"},"content":{"rendered":"<p><strong>Alejandro \u00c1vila<\/strong><\/p>\n<p>Izamal, Yuc.- La ciudad de Izamal se encuentra consternada tras el asesinato de una adolescente de 12 a\u00f1os cuyo cuerpo fue localizado dentro de su domicilio, ubicado en la calle 39 entre 24 y 26, a pocos metros de la avenida Zamn\u00e1.<\/p>\n<p>La menor viv\u00eda con su madre y la pareja de \u00e9sta, un hombre originario de Veracruz identificado por vecinos como \u201cEl Flaco\u201d, quien trabajaba junto con la mujer en una tequilera de la zona. De acuerdo con los primeros informes, el hombre habr\u00eda llegado al hogar tras su jornada laboral y presuntamente agredi\u00f3 a la ni\u00f1a dentro de la vivienda.<\/p>\n<p>Las investigaciones preliminares se\u00f1alan que la menor pidi\u00f3 auxilio, y en ese momento habr\u00eda sido atacada de manera violenta, provoc\u00e1ndole lesiones que terminaron con su vida. Fue la madre quien, al regresar, encontr\u00f3 la escena y solicit\u00f3 ayuda de inmediato.<\/p>\n<p>La Secretar\u00eda de Seguridad P\u00fablica de Yucat\u00e1n y la Fiscal\u00eda General del Estado desplegaron un fuerte operativo y acordonaron el \u00e1rea para iniciar las diligencias. El presunto responsable se dio a la fuga, pero la Polic\u00eda Estatal de Investigaci\u00f3n (PEI), a trav\u00e9s del Departamento de Homicidios, ya trabaja en su localizaci\u00f3n.<\/p>\n<p>De manera extraoficial se ha informado que el se\u00f1alado podr\u00eda presentar antecedentes de consumo de sustancias, lo cual est\u00e1 siendo integrado a la carpeta de investigaci\u00f3n.<\/p>\n<p>Las autoridades aseguraron que no habr\u00e1 tolerancia en este caso y que se realizar\u00e1n las acciones necesarias para llevar al responsable ante la justicia.<\/p>\n","protected":false},"excerpt":{"rendered":"<p>Alejandro \u00c1vila Izamal, Yuc.- La ciudad de Izamal se encuentra consternada tras el asesinato de una adolescente de 12 a\u00f1os cuyo cuerpo fue localizado dentro de su domicilio, ubicado en la calle 39 entre 24 y 26, a pocos metros de la avenida Zamn\u00e1. La menor viv\u00eda con su madre y la pareja de \u00e9sta, [&hellip;]<\/p>\n","protected":false},"author":2476,"featured_media":73290,"comment_status":"open","ping_status":"open","sticky":false,"template":"","format":"standard","meta":{"_jetpack_memberships_contains_paid_content":false,"footnotes":""},"categories":[14],"tags":[],"class_list":["post-73289","post","type-post","status-publish","format-standard","has-post-thumbnail","hentry","category-policiaca"],"jetpack_featured_media_url":"https:\/\/encuentroinformativo.com.mx\/wp-content\/uploads\/2025\/12\/IMG-20251204-WA0232.jpg","jetpack_sharing_enabled":true,"jetpack_likes_enabled":true,"amp_enabled":true,"_links":{"self":[{"href":"https:\/\/encuentroinformativo.com.mx\/index.php?rest_route=\/wp\/v2\/posts\/73289","targetHints":{"allow":["GET"]}}],"collection":[{"href":"https:\/\/encuentroinformativo.com.mx\/index.php?rest_route=\/wp\/v2\/posts"}],"about":[{"href":"https:\/\/encuentroinformativo.com.mx\/index.php?rest_route=\/wp\/v2\/types\/post"}],"author":[{"embeddable":true,"href":"https:\/\/encuentroinformativo.com.mx\/index.php?rest_route=\/wp\/v2\/users\/2476"}],"replies":[{"embeddable":true,"href":"https:\/\/encuentroinformativo.com.mx\/index.php?rest_route=%2Fwp%2Fv2%2Fcomments&post=73289"}],"version-history":[{"count":1,"href":"https:\/\/encuentroinformativo.com.mx\/index.php?rest_route=\/wp\/v2\/posts\/73289\/revisions"}],"predecessor-version":[{"id":73291,"href":"https:\/\/encuentroinformativo.com.mx\/index.php?rest_route=\/wp\/v2\/posts\/73289\/revisions\/73291"}],"wp:featuredmedia":[{"embeddable":true,"href":"https:\/\/encuentroinformativo.com.mx\/index.php?rest_route=\/wp\/v2\/media\/73290"}],"wp:attachment":[{"href":"https:\/\/encuentroinformativo.com.mx\/index.php?rest_route=%2Fwp%2Fv2%2Fmedia&parent=73289"}],"wp:term":[{"taxonomy":"category","embeddable":true,"href":"https:\/\/encuentroinformativo.com.mx\/index.php?rest_route=%2Fwp%2Fv2%2Fcategories&post=73289"},{"taxonomy":"post_tag","embeddable":true,"href":"https:\/\/encuentroinformativo.com.mx\/index.php?rest_route=%2Fwp%2Fv2%2Ftags&post=73289"}],"curies":[{"name":"wp","href":"https:\/\/api.w.org\/{rel}","templated":true}]}}