{"id":73292,"date":"2025-12-04T14:18:47","date_gmt":"2025-12-04T20:18:47","guid":{"rendered":"https:\/\/encuentroinformativo.com.mx\/?p=73292"},"modified":"2025-12-04T14:18:47","modified_gmt":"2025-12-04T20:18:47","slug":"noviembre-bajo-para-hoteleros-de-veracruz-cometur","status":"publish","type":"post","link":"https:\/\/encuentroinformativo.com.mx\/?p=73292","title":{"rendered":"Noviembre bajo para hoteleros de Veracruz: COMETUR"},"content":{"rendered":"<p><strong>Alejandro \u00c1vila<\/strong><\/p>\n<p>Veracruz, Ver.- Si bien el mes de noviembre es considerado bajo para los hoteleros, el de este 2025 no cumpli\u00f3 con las expectativas esperadas, mencion\u00f3 el presidente del Consejo Metropolitano de Turismo (COMETUR), Sergio Lois Heredia.<\/p>\n<p>&#8220;Quitando el puente de la Revoluci\u00f3n que cay\u00f3 en los d\u00edas 14, 15 y 16, quitando esos d\u00edas que la verdad s\u00ed hubo muy buena afluencia los dem\u00e1s d\u00edas fue muy baja sobre todo despu\u00e9s de ese puente, si se observa una segunda mitad de noviembre bastante complicada para el sector en lo que es Veracruz &#8211; Boca del R\u00edo, y est\u00e1 sequ\u00eda por decirlo as\u00ed, se extiende todav\u00eda a varios d\u00edas de diciembre. Nosotros lo que estamos observando es que la temporada alta de diciembre va a iniciar aproximadamente posterior el 20 de diciembre&#8221;, declar\u00f3.<\/p>\n<p>La esperanza del sector hotelero en la zona conurbada es que la temporada alta se pueda extender hasta pasado el d\u00eda 6 de enero del 2026.<\/p>\n<p>Con respecto a la inauguraci\u00f3n del Centro Hist\u00f3rico de Veracruz recientemente remodelado, dijo que ser\u00e1 importante que se inicie con una promoci\u00f3n adecuada para que los turistas tengan intenci\u00f3n de acercarse al primer cuadro de la ciudad.<\/p>\n<p>&#8220;Ahorita lo que se sabe es que el centro est\u00e1 cerrado, all\u00e1 afuera, tal vez sabemos los jarochos que ya est\u00e1 funcionando y que solo unas horas est\u00e1 cerrada Independencia y de ah\u00ed abre, pero el turista no lo sabe, el turista en la medida que se vaya corriendo la voz y que haya promoci\u00f3n en cuanto eso, el turista dir\u00e1, quiero conocer como qued\u00f3 el centro de Veracruz&#8221;, culmin\u00f3.<\/p>\n","protected":false},"excerpt":{"rendered":"<p>Alejandro \u00c1vila Veracruz, Ver.- Si bien el mes de noviembre es considerado bajo para los hoteleros, el de este 2025 no cumpli\u00f3 con las expectativas esperadas, mencion\u00f3 el presidente del Consejo Metropolitano de Turismo (COMETUR), Sergio Lois Heredia. &#8220;Quitando el puente de la Revoluci\u00f3n que cay\u00f3 en los d\u00edas 14, 15 y 16, quitando esos [&hellip;]<\/p>\n","protected":false},"author":2476,"featured_media":73293,"comment_status":"open","ping_status":"open","sticky":false,"template":"","format":"standard","meta":{"_jetpack_memberships_contains_paid_content":false,"footnotes":""},"categories":[2],"tags":[],"class_list":["post-73292","post","type-post","status-publish","format-standard","has-post-thumbnail","hentry","category-estado"],"jetpack_featured_media_url":"https:\/\/encuentroinformativo.com.mx\/wp-content\/uploads\/2025\/12\/IMG-20251204-WA02612.jpg","jetpack_sharing_enabled":true,"jetpack_likes_enabled":true,"amp_enabled":true,"_links":{"self":[{"href":"https:\/\/encuentroinformativo.com.mx\/index.php?rest_route=\/wp\/v2\/posts\/73292","targetHints":{"allow":["GET"]}}],"collection":[{"href":"https:\/\/encuentroinformativo.com.mx\/index.php?rest_route=\/wp\/v2\/posts"}],"about":[{"href":"https:\/\/encuentroinformativo.com.mx\/index.php?rest_route=\/wp\/v2\/types\/post"}],"author":[{"embeddable":true,"href":"https:\/\/encuentroinformativo.com.mx\/index.php?rest_route=\/wp\/v2\/users\/2476"}],"replies":[{"embeddable":true,"href":"https:\/\/encuentroinformativo.com.mx\/index.php?rest_route=%2Fwp%2Fv2%2Fcomments&post=73292"}],"version-history":[{"count":1,"href":"https:\/\/encuentroinformativo.com.mx\/index.php?rest_route=\/wp\/v2\/posts\/73292\/revisions"}],"predecessor-version":[{"id":73294,"href":"https:\/\/encuentroinformativo.com.mx\/index.php?rest_route=\/wp\/v2\/posts\/73292\/revisions\/73294"}],"wp:featuredmedia":[{"embeddable":true,"href":"https:\/\/encuentroinformativo.com.mx\/index.php?rest_route=\/wp\/v2\/media\/73293"}],"wp:attachment":[{"href":"https:\/\/encuentroinformativo.com.mx\/index.php?rest_route=%2Fwp%2Fv2%2Fmedia&parent=73292"}],"wp:term":[{"taxonomy":"category","embeddable":true,"href":"https:\/\/encuentroinformativo.com.mx\/index.php?rest_route=%2Fwp%2Fv2%2Fcategories&post=73292"},{"taxonomy":"post_tag","embeddable":true,"href":"https:\/\/encuentroinformativo.com.mx\/index.php?rest_route=%2Fwp%2Fv2%2Ftags&post=73292"}],"curies":[{"name":"wp","href":"https:\/\/api.w.org\/{rel}","templated":true}]}}