{"id":73297,"date":"2025-12-04T15:16:33","date_gmt":"2025-12-04T21:16:33","guid":{"rendered":"https:\/\/encuentroinformativo.com.mx\/?p=73297"},"modified":"2025-12-04T15:16:33","modified_gmt":"2025-12-04T21:16:33","slug":"se-requiere-mayor-coordinacion-entre-autoridades-y-colectivos-anais-palacios","status":"publish","type":"post","link":"https:\/\/encuentroinformativo.com.mx\/?p=73297","title":{"rendered":"Se requiere mayor coordinaci\u00f3n entre autoridades y colectivos: Ana\u00eds Palacios"},"content":{"rendered":"<p><strong>Dar\u00edo Pale<\/strong><\/p>\n<p>Xalapa, Ver.- La defensora de derechos humanos Ana\u00eds Palacios P\u00e9rez inform\u00f3 que persisten pendientes importantes en la coordinaci\u00f3n institucional para atender los casos de desaparici\u00f3n en Veracruz, pese a algunos avances con la Secretar\u00eda de Gobierno y la Comisi\u00f3n Estatal de B\u00fasqueda.<\/p>\n<p>Palacios explic\u00f3 que, desde el Instituto al que pertenece, se ha buscado formalizar un acercamiento t\u00e9cnico con las autoridades estatales, sin embargo, este a\u00fan no se ha concretado.<\/p>\n<p>Record\u00f3 que el pasado 26 de agosto, durante la primera sesi\u00f3n ordinaria del Mecanismo Estatal de Coordinaci\u00f3n 2025, el Instituto asumi\u00f3 la responsabilidad de dise\u00f1ar una metodolog\u00eda de consulta a familias sobre el Programa Estatal de B\u00fasqueda, documento que todav\u00eda no existe en Veracruz.<\/p>\n<p>A\u00f1adi\u00f3 que, aunque en la administraci\u00f3n anterior se destinaron recursos para la Comisi\u00f3n Ejecutiva de Atenci\u00f3n Integral a V\u00edctimas, con los nuevos cambios en el gobierno estatal -incluida la llegada de una nueva titular de la Comisi\u00f3n Estatal de B\u00fasqueda- las expectativas de las familias contin\u00faan abiertas.<\/p>\n<p>\u201cHay apertura y coordinaci\u00f3n, sobre todo entre Fiscal\u00eda y Comisi\u00f3n de B\u00fasqueda, pero a\u00fan falta materializar muchas cosas\u201d, afirm\u00f3.<\/p>\n<p>La defensora record\u00f3 que en Veracruz hay casos de desaparici\u00f3n registrados desde 2005, muchos de los cuales siguen sin resoluci\u00f3n. \u201cLos casos de larga data han sido objeto de exigencias constantes; deben ser atendidos, especialmente aquellos que se dieron en contextos donde las autoridades formaron parte de los perpetradores\u201d, sostuvo.<\/p>\n<p>Agreg\u00f3 que el Mecanismo Estatal de Coordinaci\u00f3n -presidido por la Secretar\u00eda de Gobierno- re\u00fane a m\u00faltiples instituciones: Fiscal\u00eda Especializada, Direcci\u00f3n de Periciales, Salud, Finanzas, la Comisi\u00f3n Estatal de B\u00fasqueda, la Comisi\u00f3n de V\u00edctimas y Derechos Humanos.<\/p>\n<p>Palacios destac\u00f3 que uno de los principales reclamos es la falta de escucha hacia las familias, tanto por parte de autoridades como del Congreso del Estado.<\/p>\n<p>Record\u00f3 que la semana pasada un grupo de familiares fue impedido de ingresar a una sesi\u00f3n nocturna donde se discut\u00eda una reforma constitucional relacionada con la Fiscal\u00eda.<\/p>\n<p>\u201cLa ciudadan\u00eda afectada no tiene voz. Las familias llevan a\u00f1os con sus exigencias; algunas, como una compa\u00f1era que busca a su hermano desde hace 15 a\u00f1os, siguen sin respuestas\u201d, lament\u00f3.<\/p>\n<p>En el reciente evento de colocaci\u00f3n del \u201c\u00c1rbol de la Esperanza\u201d, colectivos tambi\u00e9n pidieron la creaci\u00f3n de protocolos efectivos y la consolidaci\u00f3n de mecanismos de seguimiento, ya que muchas de las promesas quedan sin continuidad.<\/p>\n<p style=\"text-align: center;\"><strong>Retos ante reformas y nuevos cambios<\/strong><\/p>\n<p>Con la reciente reforma a la Ley General en Materia de Desaparici\u00f3n, la Fiscal\u00eda de Veracruz deber\u00e1 crear cinco nuevas unidades especializadas, lo cual implicar\u00e1 recursos adicionales que a\u00fan no est\u00e1n garantizados.<\/p>\n<p>\u201cSe habla de inversiones como 50 millones de pesos para identificaci\u00f3n humana, pero nadie explica c\u00f3mo se va a financiar la creaci\u00f3n de estas nuevas unidades\u201d, mencion\u00f3.<\/p>\n<p>La defensora tambi\u00e9n se\u00f1al\u00f3 que las fiscal\u00edas en M\u00e9xico enfrentan problemas de autonom\u00eda, y que en Veracruz persisten se\u00f1alamientos y peticiones de remoci\u00f3n de la actual fiscal, as\u00ed como cuestionamientos sobre perfiles que se mencionan para posibles relevos. Entre ellos, se\u00f1al\u00f3 el nombre de Diego Casta\u00f1eda, quien, aunque no ha sido propuesto oficialmente, es se\u00f1alado por presuntos actos de corrupci\u00f3n.<\/p>\n<p style=\"text-align: center;\"><strong>Sobre la reforma para designar a la Fiscal\u00eda<\/strong><\/p>\n<p>Respecto a la reforma que modifica el proceso de designaci\u00f3n y remoci\u00f3n de la persona titular de la Fiscal\u00eda General del Estado, Palacios explic\u00f3 que esta fue aprobada por m\u00e1s de 120 ayuntamientos, pero sin participaci\u00f3n ciudadana.<\/p>\n<p>\u201cEs una reforma que se copi\u00f3 del \u00e1mbito federal; no es mala en s\u00ed misma, pero las formas fueron profundamente negativas. La sesi\u00f3n se hizo sin permitir el ingreso de familias ni ciudadanos; solo hab\u00eda invitados del gobierno. Eso va en contra del esp\u00edritu de la reforma\u201d, se\u00f1al\u00f3.<\/p>\n<p>Finalmente, sostuvo que es urgente que tanto la gobernadora del Estado como el secretario de Gobierno fijen una postura clara para garantizar que tanto colectivos como familias no organizadas sean escuchadas y consideradas en las decisiones p\u00fablicas relacionadas con la b\u00fasqueda de personas.<\/p>\n","protected":false},"excerpt":{"rendered":"<p>Dar\u00edo Pale Xalapa, Ver.- La defensora de derechos humanos Ana\u00eds Palacios P\u00e9rez inform\u00f3 que persisten pendientes importantes en la coordinaci\u00f3n institucional para atender los casos de desaparici\u00f3n en Veracruz, pese a algunos avances con la Secretar\u00eda de Gobierno y la Comisi\u00f3n Estatal de B\u00fasqueda. Palacios explic\u00f3 que, desde el Instituto al que pertenece, se ha [&hellip;]<\/p>\n","protected":false},"author":2476,"featured_media":73298,"comment_status":"open","ping_status":"open","sticky":false,"template":"","format":"standard","meta":{"_jetpack_memberships_contains_paid_content":false,"footnotes":""},"categories":[2],"tags":[],"class_list":["post-73297","post","type-post","status-publish","format-standard","has-post-thumbnail","hentry","category-estado"],"jetpack_featured_media_url":"https:\/\/encuentroinformativo.com.mx\/wp-content\/uploads\/2025\/12\/IMG-20251204-WA0282.jpg","jetpack_sharing_enabled":true,"jetpack_likes_enabled":true,"amp_enabled":true,"_links":{"self":[{"href":"https:\/\/encuentroinformativo.com.mx\/index.php?rest_route=\/wp\/v2\/posts\/73297","targetHints":{"allow":["GET"]}}],"collection":[{"href":"https:\/\/encuentroinformativo.com.mx\/index.php?rest_route=\/wp\/v2\/posts"}],"about":[{"href":"https:\/\/encuentroinformativo.com.mx\/index.php?rest_route=\/wp\/v2\/types\/post"}],"author":[{"embeddable":true,"href":"https:\/\/encuentroinformativo.com.mx\/index.php?rest_route=\/wp\/v2\/users\/2476"}],"replies":[{"embeddable":true,"href":"https:\/\/encuentroinformativo.com.mx\/index.php?rest_route=%2Fwp%2Fv2%2Fcomments&post=73297"}],"version-history":[{"count":1,"href":"https:\/\/encuentroinformativo.com.mx\/index.php?rest_route=\/wp\/v2\/posts\/73297\/revisions"}],"predecessor-version":[{"id":73299,"href":"https:\/\/encuentroinformativo.com.mx\/index.php?rest_route=\/wp\/v2\/posts\/73297\/revisions\/73299"}],"wp:featuredmedia":[{"embeddable":true,"href":"https:\/\/encuentroinformativo.com.mx\/index.php?rest_route=\/wp\/v2\/media\/73298"}],"wp:attachment":[{"href":"https:\/\/encuentroinformativo.com.mx\/index.php?rest_route=%2Fwp%2Fv2%2Fmedia&parent=73297"}],"wp:term":[{"taxonomy":"category","embeddable":true,"href":"https:\/\/encuentroinformativo.com.mx\/index.php?rest_route=%2Fwp%2Fv2%2Fcategories&post=73297"},{"taxonomy":"post_tag","embeddable":true,"href":"https:\/\/encuentroinformativo.com.mx\/index.php?rest_route=%2Fwp%2Fv2%2Ftags&post=73297"}],"curies":[{"name":"wp","href":"https:\/\/api.w.org\/{rel}","templated":true}]}}