{"id":73319,"date":"2025-12-05T15:09:51","date_gmt":"2025-12-05T21:09:51","guid":{"rendered":"https:\/\/encuentroinformativo.com.mx\/?p=73319"},"modified":"2025-12-05T15:09:51","modified_gmt":"2025-12-05T21:09:51","slug":"gobierno-no-utiliza-fuerza-publica-con-manifestantes-afirma-politica-regional","status":"publish","type":"post","link":"https:\/\/encuentroinformativo.com.mx\/?p=73319","title":{"rendered":"Gobierno no utiliza fuerza p\u00fablica con manifestantes, afirma Pol\u00edtica Regional"},"content":{"rendered":"<p><strong>Dar\u00edo Pale<\/strong><\/p>\n<p>Xalapa, Ver.- El director general de Pol\u00edtica Regional, Adolfo Toss Capistr\u00e1n, asegur\u00f3 que en Veracruz no se ha realizado ning\u00fan desalojo con uso de la fuerza p\u00fablica y que todas las expresiones ciudadanas y manifestaciones son atendidas \u201ccon diligencia, prontitud y expeditez\u201d para buscar soluciones conforme corresponda.<\/p>\n<p>El funcionario respondi\u00f3 a cuestionamientos sobre el empleo de elementos de Seguridad P\u00fablica para liberar vialidades, y neg\u00f3 que se haya utilizado fuerza para retirar manifestantes.<\/p>\n<p>\u201cNo se ha utilizado la fuerza p\u00fablica para desalojar a nadie. Siempre se agota el di\u00e1logo por delante. Tenemos un protocolo perfectamente establecido\u201d, afirm\u00f3.<\/p>\n<p>Explic\u00f3 que, en un par de ocasiones, se ha tenido que \u201cencauzar\u201d a grupos manifestantes para permitir la movilidad, pero insisti\u00f3 en que esto no constituye intimidaci\u00f3n ni desalojo.<\/p>\n<p>\u201cNo es intimidaci\u00f3n\u201d, enfatiz\u00f3 ante se\u00f1alamientos sobre la presencia de grupos antimotines.<\/p>\n<p>Protestas del extinto Seguro Popular<\/p>\n<p>Sobre las manifestaciones de los extrabajadores del extinto Seguro Popular, quienes han acudido en repetidas ocasiones al Palacio de Gobierno reclamando incumplimiento de acuerdos, Toss Capistr\u00e1n se\u00f1al\u00f3 que ya se han realizado dos pagos en este 2025, mismos que \u2014dijo\u2014 deber\u00edan ser reconocidos por el grupo inconforme.<\/p>\n<p>A\u00f1adi\u00f3 que a\u00fan existen montos en litigio que no pueden ser cubiertos hasta que exista resoluci\u00f3n definitiva: \u201cHasta que no haya definitividad, no se van a pagar\u201d.<\/p>\n<p><strong>Casos de maestros jubilados<\/strong><\/p>\n<p>Cuestionado sobre los cheques sin fondos que recibieron maestros jubilados en administraciones pasadas, el funcionario aclar\u00f3 que esa situaci\u00f3n ocurri\u00f3 antes de la actual gesti\u00f3n.<\/p>\n<p>\u201cEsta administraci\u00f3n no ha dado ni un solo cheque sin fondos. La administraci\u00f3n de la ingeniera Nahle es muy seria y responsable\u201d, afirm\u00f3.<\/p>\n<p>Indic\u00f3 que el gobierno estatal ya atiende estos adeudos mediante la creaci\u00f3n de la Aseguradora Veracruzana y del FIBESI, un fideicomiso de seguros institucionales con el que se dar\u00e1 cobertura a los compromisos heredados por la administraci\u00f3n anterior y otras previas.<\/p>\n<p>Pol\u00edtica para futuras manifestaciones<\/p>\n<p>Por \u00faltimo respecto a si continuar\u00e1n las acciones para encauzar protestas que bloquean la v\u00eda p\u00fablica, Toss Capistr\u00e1n se\u00f1al\u00f3 que esa decisi\u00f3n se toma caso por caso, \u201ces una situaci\u00f3n que se va determinando seg\u00fan el caso en particular\u201d.<\/p>\n","protected":false},"excerpt":{"rendered":"<p>Dar\u00edo Pale Xalapa, Ver.- El director general de Pol\u00edtica Regional, Adolfo Toss Capistr\u00e1n, asegur\u00f3 que en Veracruz no se ha realizado ning\u00fan desalojo con uso de la fuerza p\u00fablica y que todas las expresiones ciudadanas y manifestaciones son atendidas \u201ccon diligencia, prontitud y expeditez\u201d para buscar soluciones conforme corresponda. El funcionario respondi\u00f3 a cuestionamientos sobre [&hellip;]<\/p>\n","protected":false},"author":2476,"featured_media":73320,"comment_status":"open","ping_status":"open","sticky":false,"template":"","format":"standard","meta":{"_jetpack_memberships_contains_paid_content":false,"footnotes":""},"categories":[2],"tags":[],"class_list":["post-73319","post","type-post","status-publish","format-standard","has-post-thumbnail","hentry","category-estado"],"jetpack_featured_media_url":"https:\/\/encuentroinformativo.com.mx\/wp-content\/uploads\/2025\/12\/IMG-20251205-WA02322.jpg","jetpack_sharing_enabled":true,"jetpack_likes_enabled":true,"amp_enabled":true,"_links":{"self":[{"href":"https:\/\/encuentroinformativo.com.mx\/index.php?rest_route=\/wp\/v2\/posts\/73319","targetHints":{"allow":["GET"]}}],"collection":[{"href":"https:\/\/encuentroinformativo.com.mx\/index.php?rest_route=\/wp\/v2\/posts"}],"about":[{"href":"https:\/\/encuentroinformativo.com.mx\/index.php?rest_route=\/wp\/v2\/types\/post"}],"author":[{"embeddable":true,"href":"https:\/\/encuentroinformativo.com.mx\/index.php?rest_route=\/wp\/v2\/users\/2476"}],"replies":[{"embeddable":true,"href":"https:\/\/encuentroinformativo.com.mx\/index.php?rest_route=%2Fwp%2Fv2%2Fcomments&post=73319"}],"version-history":[{"count":2,"href":"https:\/\/encuentroinformativo.com.mx\/index.php?rest_route=\/wp\/v2\/posts\/73319\/revisions"}],"predecessor-version":[{"id":73322,"href":"https:\/\/encuentroinformativo.com.mx\/index.php?rest_route=\/wp\/v2\/posts\/73319\/revisions\/73322"}],"wp:featuredmedia":[{"embeddable":true,"href":"https:\/\/encuentroinformativo.com.mx\/index.php?rest_route=\/wp\/v2\/media\/73320"}],"wp:attachment":[{"href":"https:\/\/encuentroinformativo.com.mx\/index.php?rest_route=%2Fwp%2Fv2%2Fmedia&parent=73319"}],"wp:term":[{"taxonomy":"category","embeddable":true,"href":"https:\/\/encuentroinformativo.com.mx\/index.php?rest_route=%2Fwp%2Fv2%2Fcategories&post=73319"},{"taxonomy":"post_tag","embeddable":true,"href":"https:\/\/encuentroinformativo.com.mx\/index.php?rest_route=%2Fwp%2Fv2%2Ftags&post=73319"}],"curies":[{"name":"wp","href":"https:\/\/api.w.org\/{rel}","templated":true}]}}