{"id":73326,"date":"2025-12-06T14:23:48","date_gmt":"2025-12-06T20:23:48","guid":{"rendered":"https:\/\/encuentroinformativo.com.mx\/?p=73326"},"modified":"2025-12-06T14:23:48","modified_gmt":"2025-12-06T20:23:48","slug":"la-cuarta-transformacion-movimiento-que-por-siete-anos-impulsa-la-justicia-social-rocio-nahle","status":"publish","type":"post","link":"https:\/\/encuentroinformativo.com.mx\/?p=73326","title":{"rendered":"La Cuarta Transformaci\u00f3n, movimiento que por siete a\u00f1os impulsa la justicia social: Roc\u00edo Nahle"},"content":{"rendered":"<p>Xalapa, Ver.- Desde la Plaza de la Constituci\u00f3n, la gobernadora Roc\u00edo Nahle Garc\u00eda acompa\u00f1\u00f3 y respald\u00f3 a la presidenta, Claudia Sheinbaum Pardo, al responder al llamado nacional para conmemorar los siete a\u00f1os del inicio de la Cuarta Transformaci\u00f3n.<\/p>\n<p>\u201cUn movimiento que ha impulsado la justicia social y el bienestar del pueblo\u201d, expres\u00f3 la Mandataria veracruzana.<\/p>\n<p>Junto a integrantes del Gabinete legal y ampliado del Gobierno de M\u00e9xico, legisladoras y legisladores veracruzanos, as\u00ed como dirigencias nacionales de Morena, del Partido del Trabajo y del Partido Verde Ecologista de M\u00e9xico, la Gobernadora form\u00f3 parte de las m\u00e1s de 600 mil personas que se congregaron para celebrar este gran momento de unidad y fuerza nacional.<\/p>\n<p>La Presidenta de M\u00e9xico destac\u00f3 los avances alcanzados: la salida de la pobreza de 13.5 millones de mexicanas y mexicanos; el fortalecimiento del bienestar social a trav\u00e9s de programas hoy reconocidos como derechos constitucionales; el incremento del 125% al salario m\u00ednimo; la estabilidad econ\u00f3mica y la fortaleza del peso; as\u00ed como un r\u00e9cord hist\u00f3rico en inversi\u00f3n extranjera directa.<\/p>\n<p>Asimismo, reconoci\u00f3 el legado del expresidente Andr\u00e9s Manuel L\u00f3pez Obrador, subrayando el car\u00e1cter hist\u00f3rico del movimiento transformador:<\/p>\n<p>\u201cVenimos a celebrar siete a\u00f1os del inicio de una nueva era en nuestro querido M\u00e9xico. Pasamos de un pa\u00eds gobernado por una oligarqu\u00eda a una verdadera democracia, donde el gobierno trabaja para todas y todos, especialmente para quien m\u00e1s lo necesita. Llegamos al gobierno para dar continuidad y profundizar la transformaci\u00f3n de la vida p\u00fablica de M\u00e9xico\u201d.<\/p>\n","protected":false},"excerpt":{"rendered":"<p>Xalapa, Ver.- Desde la Plaza de la Constituci\u00f3n, la gobernadora Roc\u00edo Nahle Garc\u00eda acompa\u00f1\u00f3 y respald\u00f3 a la presidenta, Claudia Sheinbaum Pardo, al responder al llamado nacional para conmemorar los siete a\u00f1os del inicio de la Cuarta Transformaci\u00f3n. \u201cUn movimiento que ha impulsado la justicia social y el bienestar del pueblo\u201d, expres\u00f3 la Mandataria veracruzana. [&hellip;]<\/p>\n","protected":false},"author":2476,"featured_media":73327,"comment_status":"open","ping_status":"open","sticky":false,"template":"","format":"standard","meta":{"_jetpack_memberships_contains_paid_content":false,"footnotes":""},"categories":[12],"tags":[],"class_list":["post-73326","post","type-post","status-publish","format-standard","has-post-thumbnail","hentry","category-nacional"],"jetpack_featured_media_url":"https:\/\/encuentroinformativo.com.mx\/wp-content\/uploads\/2025\/12\/IMG-20251206-WA01262.jpg","jetpack_sharing_enabled":true,"jetpack_likes_enabled":true,"amp_enabled":true,"_links":{"self":[{"href":"https:\/\/encuentroinformativo.com.mx\/index.php?rest_route=\/wp\/v2\/posts\/73326","targetHints":{"allow":["GET"]}}],"collection":[{"href":"https:\/\/encuentroinformativo.com.mx\/index.php?rest_route=\/wp\/v2\/posts"}],"about":[{"href":"https:\/\/encuentroinformativo.com.mx\/index.php?rest_route=\/wp\/v2\/types\/post"}],"author":[{"embeddable":true,"href":"https:\/\/encuentroinformativo.com.mx\/index.php?rest_route=\/wp\/v2\/users\/2476"}],"replies":[{"embeddable":true,"href":"https:\/\/encuentroinformativo.com.mx\/index.php?rest_route=%2Fwp%2Fv2%2Fcomments&post=73326"}],"version-history":[{"count":1,"href":"https:\/\/encuentroinformativo.com.mx\/index.php?rest_route=\/wp\/v2\/posts\/73326\/revisions"}],"predecessor-version":[{"id":73328,"href":"https:\/\/encuentroinformativo.com.mx\/index.php?rest_route=\/wp\/v2\/posts\/73326\/revisions\/73328"}],"wp:featuredmedia":[{"embeddable":true,"href":"https:\/\/encuentroinformativo.com.mx\/index.php?rest_route=\/wp\/v2\/media\/73327"}],"wp:attachment":[{"href":"https:\/\/encuentroinformativo.com.mx\/index.php?rest_route=%2Fwp%2Fv2%2Fmedia&parent=73326"}],"wp:term":[{"taxonomy":"category","embeddable":true,"href":"https:\/\/encuentroinformativo.com.mx\/index.php?rest_route=%2Fwp%2Fv2%2Fcategories&post=73326"},{"taxonomy":"post_tag","embeddable":true,"href":"https:\/\/encuentroinformativo.com.mx\/index.php?rest_route=%2Fwp%2Fv2%2Ftags&post=73326"}],"curies":[{"name":"wp","href":"https:\/\/api.w.org\/{rel}","templated":true}]}}