{"id":73332,"date":"2025-12-06T16:19:38","date_gmt":"2025-12-06T22:19:38","guid":{"rendered":"https:\/\/encuentroinformativo.com.mx\/?p=73332"},"modified":"2025-12-06T16:19:38","modified_gmt":"2025-12-06T22:19:38","slug":"esperan-mas-de-200-mil-peregrinos-en-basilica-de-el-dique","status":"publish","type":"post","link":"https:\/\/encuentroinformativo.com.mx\/?p=73332","title":{"rendered":"Esperan m\u00e1s de 200 mil peregrinos en bas\u00edlica de El Dique"},"content":{"rendered":"<p><strong>Dar\u00edo Pale<\/strong><\/p>\n<p>Xalapa, Ver.- Con la llegada de diciembre iniciaron formalmente las peregrinaciones rumbo a la Bas\u00edlica Menor del Dique, en Xalapa, donde se espera la presencia de m\u00e1s de 200 mil familias peregrinas durante las celebraciones guadalupanas.<\/p>\n<p>As\u00ed lo inform\u00f3 Juan Beristain de los Santos, vocero de la Arquidi\u00f3cesis de Xalapa.<\/p>\n<p>El portavoz destac\u00f3 que desde el 30 de noviembre comenz\u00f3 el arribo constante de fieles y asegur\u00f3 que existe una estrecha coordinaci\u00f3n con autoridades municipales, estatales y federales para garantizar un operativo seguro y ordenado en toda la zona del Dique.<\/p>\n<p>\u201cQueremos agradecer a las autoridades\u2026 se ha podido desplegar toda la log\u00edstica para que el barrio del Dique est\u00e9 dispuesto para recibir a miles de fieles\u201d, expres\u00f3, resaltando el trabajo conjunto con \u00e1reas como Tr\u00e1nsito, Protecci\u00f3n Civil, Bomberos y Cruz Roja.<\/p>\n<p>El padre Javier Aguilar, p\u00e1rroco del santuario del Dique, es quien encabeza esta coordinaci\u00f3n interinstitucional, la cual se ha fortalecido durante tres a\u00f1os.<\/p>\n<p>En esta edici\u00f3n, la Arquidi\u00f3cesis invita a los fieles a participar en la Eucarist\u00eda del 11 de diciembre a las 11 de la noche, que ser\u00e1 presidida por el arzobispo y el obispo auxiliar, acompa\u00f1ados de mariachis para las tradicionales ma\u00f1anitas a la Virgen de Guadalupe.<\/p>\n<p>495 a\u00f1os del acontecimiento guadalupano<\/p>\n<p>Beristain record\u00f3 que este a\u00f1o se conmemoran 495 a\u00f1os de las apariciones de la Virgen de Guadalupe a Juan Diego, un mensaje que \u2014dijo\u2014 contin\u00faa vigente al reconocer en \u00e9l a un ind\u00edgena humilde que fue puesto al centro para anunciar un mensaje de unidad y fraternidad.<\/p>\n<p>\u201cEl acontecimiento guadalupano nos recuerda el protagonismo que cada ciudadano tiene para buscar el bien com\u00fan y la justicia. Mar\u00eda nos impulsa y nos cuida, como cuida a nuestra patria\u201d, afirm\u00f3.<\/p>\n<p>Explic\u00f3 que, aunque muchos peregrinos no conozcan teolog\u00eda o dogmas, la devoci\u00f3n surge de la confianza en la Virgen Mar\u00eda, \u201cuna mujer que protege, que impulsa y que sigue haciendo milagros a trav\u00e9s de su hijo\u201d.<\/p>\n<p>Buena relaci\u00f3n con autoridades estatales<\/p>\n<p>El vocero se\u00f1al\u00f3 que la Arquidi\u00f3cesis mantiene una relaci\u00f3n cercana con la gobernadora Roc\u00edo Nahle y con el secretario de Gobierno, lo cual facilita la organizaci\u00f3n de celebraciones religiosas masivas no solo en Xalapa, sino en otros municipios.<\/p>\n<p>\u201cAgradecemos todas las facilidades que nos han dado. Esta no es una fiesta solo de la Iglesia, es una fiesta de la naci\u00f3n\u201d, dijo Beristain.<\/p>\n<p>Adem\u00e1s, destac\u00f3 que Xalapa se convierte en un punto de encuentro regional, pues a la Bas\u00edlica Menor del Dique llegan peregrinos de Chiapas, Yucat\u00e1n y diversos estados del sureste del pa\u00eds. Para recibirlos, la parroquia mantiene activo un comedor comunitario con alimentos gratuitos, que ya est\u00e1 en funcionamiento.<\/p>\n<p>\u201cLos peregrinos vienen movidos por su fe, por gratitud y por el cari\u00f1o a Mar\u00eda, quien sigue animando e intercediendo por todos\u201d, finaliz\u00f3.<\/p>\n","protected":false},"excerpt":{"rendered":"<p>Dar\u00edo Pale Xalapa, Ver.- Con la llegada de diciembre iniciaron formalmente las peregrinaciones rumbo a la Bas\u00edlica Menor del Dique, en Xalapa, donde se espera la presencia de m\u00e1s de 200 mil familias peregrinas durante las celebraciones guadalupanas. As\u00ed lo inform\u00f3 Juan Beristain de los Santos, vocero de la Arquidi\u00f3cesis de Xalapa. El portavoz destac\u00f3 [&hellip;]<\/p>\n","protected":false},"author":2476,"featured_media":73333,"comment_status":"open","ping_status":"open","sticky":false,"template":"","format":"standard","meta":{"_jetpack_memberships_contains_paid_content":false,"footnotes":""},"categories":[3],"tags":[],"class_list":["post-73332","post","type-post","status-publish","format-standard","has-post-thumbnail","hentry","category-xalapa"],"jetpack_featured_media_url":"https:\/\/encuentroinformativo.com.mx\/wp-content\/uploads\/2025\/12\/Point-Blur_Dec062025_161812.jpg","jetpack_sharing_enabled":true,"jetpack_likes_enabled":true,"amp_enabled":true,"_links":{"self":[{"href":"https:\/\/encuentroinformativo.com.mx\/index.php?rest_route=\/wp\/v2\/posts\/73332","targetHints":{"allow":["GET"]}}],"collection":[{"href":"https:\/\/encuentroinformativo.com.mx\/index.php?rest_route=\/wp\/v2\/posts"}],"about":[{"href":"https:\/\/encuentroinformativo.com.mx\/index.php?rest_route=\/wp\/v2\/types\/post"}],"author":[{"embeddable":true,"href":"https:\/\/encuentroinformativo.com.mx\/index.php?rest_route=\/wp\/v2\/users\/2476"}],"replies":[{"embeddable":true,"href":"https:\/\/encuentroinformativo.com.mx\/index.php?rest_route=%2Fwp%2Fv2%2Fcomments&post=73332"}],"version-history":[{"count":1,"href":"https:\/\/encuentroinformativo.com.mx\/index.php?rest_route=\/wp\/v2\/posts\/73332\/revisions"}],"predecessor-version":[{"id":73334,"href":"https:\/\/encuentroinformativo.com.mx\/index.php?rest_route=\/wp\/v2\/posts\/73332\/revisions\/73334"}],"wp:featuredmedia":[{"embeddable":true,"href":"https:\/\/encuentroinformativo.com.mx\/index.php?rest_route=\/wp\/v2\/media\/73333"}],"wp:attachment":[{"href":"https:\/\/encuentroinformativo.com.mx\/index.php?rest_route=%2Fwp%2Fv2%2Fmedia&parent=73332"}],"wp:term":[{"taxonomy":"category","embeddable":true,"href":"https:\/\/encuentroinformativo.com.mx\/index.php?rest_route=%2Fwp%2Fv2%2Fcategories&post=73332"},{"taxonomy":"post_tag","embeddable":true,"href":"https:\/\/encuentroinformativo.com.mx\/index.php?rest_route=%2Fwp%2Fv2%2Ftags&post=73332"}],"curies":[{"name":"wp","href":"https:\/\/api.w.org\/{rel}","templated":true}]}}