{"id":73338,"date":"2025-12-06T16:30:42","date_gmt":"2025-12-06T22:30:42","guid":{"rendered":"https:\/\/encuentroinformativo.com.mx\/?p=73338"},"modified":"2025-12-06T16:30:42","modified_gmt":"2025-12-06T22:30:42","slug":"concluye-instalacion-de-adornos-navidenos-en-centro-de-xalapa","status":"publish","type":"post","link":"https:\/\/encuentroinformativo.com.mx\/?p=73338","title":{"rendered":"Concluye instalaci\u00f3n de adornos navide\u00f1os en centro de Xalapa"},"content":{"rendered":"<p><strong>Dar\u00edo Pale<\/strong><\/p>\n<p>Xalapa, Ver.- El esp\u00edritu navide\u00f1o ya se hace presente en Xalapa con la instalaci\u00f3n de los tradicionales adornos decembrinos en el primer cuadro de la ciudad.<\/p>\n<p>El coordinador de las Juntas de Mejoras del Gobierno del Estado, Juan Carlos Alem\u00e1n, inform\u00f3 que este viernes qued\u00f3 completamente instalado e iluminado el pino navide\u00f1o de 20 metros de altura y el nacimiento de la Plaza Lerdo, dos de los atractivos m\u00e1s visitados en estas fechas.<\/p>\n<p>Alem\u00e1n explic\u00f3 que estos trabajos forman parte de las instrucciones giradas por la gobernadora para adornar diversas calles del centro, la fachada del Palacio de Gobierno y espacios emblem\u00e1ticos donde a\u00f1o con a\u00f1o se concentra la ciudadan\u00eda para disfrutar del ambiente festivo.<\/p>\n<p>\u201cHoy concluimos con la iluminaci\u00f3n para que a partir de esta noche la ciudadan\u00eda pueda gozar de este atractivo navide\u00f1o\u201d, se\u00f1al\u00f3.<\/p>\n<p>Atractivo para familias y turismo<\/p>\n<p>El funcionario destac\u00f3 que desde que comenzaron las instalaciones \u2014con apoyo de la Direcci\u00f3n de Alumbrado P\u00fablico Municipal\u2014 las personas ya se deten\u00edan a tomarse fotograf\u00edas cerca del pino, incluso antes de que estuviera terminado.<\/p>\n<p>\u201cEs un atractivo para las familias de Xalapa y para quienes nos visitan de otros municipios y ciudades\u201d, coment\u00f3.<\/p>\n<p>Las calles del centro, incluidas Zaragoza y zonas aleda\u00f1as, ya se encuentran totalmente iluminadas, lo que genera un corredor visual que favorece la convivencia familiar y el turismo.<\/p>\n<p>\u00daltimos detalles y ampliaci\u00f3n en Arco Sur<\/p>\n<p>Alem\u00e1n adelant\u00f3 que solo falta instalar un pino adicional y letras decorativas en la zona de Arco Sur, frente al ORFIS, lo cual se prev\u00e9 concluir a inicios de la pr\u00f3xima semana.<\/p>\n<p>Con ello, dijo, se completar\u00e1n las acciones de iluminaci\u00f3n y embellecimiento navide\u00f1o que realiza el Gobierno del Estado.<\/p>\n<p>Trabajo conjunto e impulso a la cultura mexicana<\/p>\n<p>El coordinador subray\u00f3 que estos esfuerzos forman parte de un trabajo coordinado entre diversas \u00e1reas como Acci\u00f3n Social, Actos C\u00edvicos y Juntas de Mejoras, todas con el objetivo de mejorar la imagen urbana y promover los valores c\u00edvicos y culturales propios de la temporada.<\/p>\n<p>Sobre el nacimiento instalado en Plaza Lerdo, indic\u00f3 que no es completamente nuevo, sino que recibi\u00f3 un retoque y mantenimiento, junto con las esferas y otros elementos tradicionales que lo acompa\u00f1an.<\/p>\n<p>\u201cSe retoc\u00f3, se le dio mantenimiento y tambi\u00e9n incorporamos algunas piezas nuevas\u201d, precis\u00f3.<\/p>\n<p>Finalmente dijo que con esto, el centro de Xalapa queda listo para recibir a familias locales y visitantes que cada a\u00f1o acuden a disfrutar de los adornos navide\u00f1os y tomarse fotograf\u00edas en un ambiente que fomenta la convivencia y las tradiciones.<\/p>\n<p><img loading=\"lazy\" decoding=\"async\" class=\"aligncenter size-medium wp-image-73340\" src=\"https:\/\/encuentroinformativo.com.mx\/wp-content\/uploads\/2025\/12\/IMG-20251206-WA0175-300x138.jpg\" alt=\"\" width=\"300\" height=\"138\" srcset=\"https:\/\/encuentroinformativo.com.mx\/wp-content\/uploads\/2025\/12\/IMG-20251206-WA0175-300x138.jpg 300w, https:\/\/encuentroinformativo.com.mx\/wp-content\/uploads\/2025\/12\/IMG-20251206-WA0175-1024x472.jpg 1024w, https:\/\/encuentroinformativo.com.mx\/wp-content\/uploads\/2025\/12\/IMG-20251206-WA0175-768x354.jpg 768w, https:\/\/encuentroinformativo.com.mx\/wp-content\/uploads\/2025\/12\/IMG-20251206-WA0175-1536x708.jpg 1536w, https:\/\/encuentroinformativo.com.mx\/wp-content\/uploads\/2025\/12\/IMG-20251206-WA0175.jpg 1600w\" sizes=\"auto, (max-width: 300px) 100vw, 300px\" \/><\/p>\n","protected":false},"excerpt":{"rendered":"<p>Dar\u00edo Pale Xalapa, Ver.- El esp\u00edritu navide\u00f1o ya se hace presente en Xalapa con la instalaci\u00f3n de los tradicionales adornos decembrinos en el primer cuadro de la ciudad. El coordinador de las Juntas de Mejoras del Gobierno del Estado, Juan Carlos Alem\u00e1n, inform\u00f3 que este viernes qued\u00f3 completamente instalado e iluminado el pino navide\u00f1o de [&hellip;]<\/p>\n","protected":false},"author":2476,"featured_media":73339,"comment_status":"open","ping_status":"open","sticky":false,"template":"","format":"standard","meta":{"_jetpack_memberships_contains_paid_content":false,"footnotes":""},"categories":[3],"tags":[],"class_list":["post-73338","post","type-post","status-publish","format-standard","has-post-thumbnail","hentry","category-xalapa"],"jetpack_featured_media_url":"https:\/\/encuentroinformativo.com.mx\/wp-content\/uploads\/2025\/12\/IMG-20251206-WA0176.jpg","jetpack_sharing_enabled":true,"jetpack_likes_enabled":true,"amp_enabled":true,"_links":{"self":[{"href":"https:\/\/encuentroinformativo.com.mx\/index.php?rest_route=\/wp\/v2\/posts\/73338","targetHints":{"allow":["GET"]}}],"collection":[{"href":"https:\/\/encuentroinformativo.com.mx\/index.php?rest_route=\/wp\/v2\/posts"}],"about":[{"href":"https:\/\/encuentroinformativo.com.mx\/index.php?rest_route=\/wp\/v2\/types\/post"}],"author":[{"embeddable":true,"href":"https:\/\/encuentroinformativo.com.mx\/index.php?rest_route=\/wp\/v2\/users\/2476"}],"replies":[{"embeddable":true,"href":"https:\/\/encuentroinformativo.com.mx\/index.php?rest_route=%2Fwp%2Fv2%2Fcomments&post=73338"}],"version-history":[{"count":1,"href":"https:\/\/encuentroinformativo.com.mx\/index.php?rest_route=\/wp\/v2\/posts\/73338\/revisions"}],"predecessor-version":[{"id":73341,"href":"https:\/\/encuentroinformativo.com.mx\/index.php?rest_route=\/wp\/v2\/posts\/73338\/revisions\/73341"}],"wp:featuredmedia":[{"embeddable":true,"href":"https:\/\/encuentroinformativo.com.mx\/index.php?rest_route=\/wp\/v2\/media\/73339"}],"wp:attachment":[{"href":"https:\/\/encuentroinformativo.com.mx\/index.php?rest_route=%2Fwp%2Fv2%2Fmedia&parent=73338"}],"wp:term":[{"taxonomy":"category","embeddable":true,"href":"https:\/\/encuentroinformativo.com.mx\/index.php?rest_route=%2Fwp%2Fv2%2Fcategories&post=73338"},{"taxonomy":"post_tag","embeddable":true,"href":"https:\/\/encuentroinformativo.com.mx\/index.php?rest_route=%2Fwp%2Fv2%2Ftags&post=73338"}],"curies":[{"name":"wp","href":"https:\/\/api.w.org\/{rel}","templated":true}]}}