{"id":73345,"date":"2025-12-06T17:13:57","date_gmt":"2025-12-06T23:13:57","guid":{"rendered":"https:\/\/encuentroinformativo.com.mx\/?p=73345"},"modified":"2025-12-06T17:13:57","modified_gmt":"2025-12-06T23:13:57","slug":"clausura-ayuntamiento-granjas-avicolas-en-lerdo-de-tejada","status":"publish","type":"post","link":"https:\/\/encuentroinformativo.com.mx\/?p=73345","title":{"rendered":"Clausura Ayuntamiento granjas av\u00edcolas en Lerdo de Tejada"},"content":{"rendered":"<p><strong>Dar\u00edo Pale<\/strong><\/p>\n<p>Xalapa, Ver.- Las granjas av\u00edcolas Trevilla y Trevilla 2, ubicadas en la localidad de Santa Teresa, en el municipio de Lerdo de Tejada, fueron clausuradas el jueves 4 de diciembre por personal jur\u00eddico del Ayuntamiento y elementos de la Polic\u00eda Municipal, luego de detectarse que operaban sin la documentaci\u00f3n obligatoria.<\/p>\n<p>De acuerdo con las autoridades, ambas unidades productivas carec\u00edan de licencia municipal de funcionamiento, autorizaciones sanitarias, permiso de uso de suelo y manifestaci\u00f3n de impacto ambiental, requisitos indispensables para este tipo de actividad en la zona sur de Veracruz.<\/p>\n<p>Las instalaciones se localizaban en un \u00e1rea rodeada de ca\u00f1ales, arroyos y canales de riego, lo que aumentaba el riesgo de contaminaci\u00f3n por el manejo inadecuado de residuos av\u00edcolas.<\/p>\n<p>Durante el operativo, funcionarios municipales explicaron que la clausura se realiz\u00f3 como parte de un procedimiento administrativo derivado de la falta de documentos que acreditaran el funcionamiento legal de las granjas.<\/p>\n<p>Vecinos denuncian molestias y afectaciones<\/p>\n<p>Habitantes de la comunidad de Santa Teresa se\u00f1alaron que desde meses atr\u00e1s hab\u00edan reportado olores f\u00e9tidos, presencia excesiva de moscas y escurrimientos provenientes de las instalaciones av\u00edcolas. Sin embargo, afirmaron que no observaron visitas de supervisi\u00f3n previas al operativo del jueves.<\/p>\n<p>\u201cYa se sent\u00edan los olores muy fuertes y hab\u00eda muchas moscas, pero no ve\u00edamos que vinieran a revisar\u201d, comentaron vecinos de la zona.<\/p>\n<p>Contexto: preocupaci\u00f3n por controles sanitarios en el estado<\/p>\n<p>La clausura de estas dos granjas ocurre en un contexto donde diversos establecimientos av\u00edcolas en Veracruz han sido se\u00f1alados por operar sin los controles ambientales y sanitarios adecuados, generando preocupaci\u00f3n entre comunidades rurales por posibles afectaciones a la salud y al entorno natural.<\/p>\n<p>Finalmente las autoridades locales indicaron que continuar\u00e1n con los procedimientos correspondientes y vigilar\u00e1n que no se reanuden actividades sin la regularizaci\u00f3n debida.<\/p>\n","protected":false},"excerpt":{"rendered":"<p>Dar\u00edo Pale Xalapa, Ver.- Las granjas av\u00edcolas Trevilla y Trevilla 2, ubicadas en la localidad de Santa Teresa, en el municipio de Lerdo de Tejada, fueron clausuradas el jueves 4 de diciembre por personal jur\u00eddico del Ayuntamiento y elementos de la Polic\u00eda Municipal, luego de detectarse que operaban sin la documentaci\u00f3n obligatoria. De acuerdo con [&hellip;]<\/p>\n","protected":false},"author":2476,"featured_media":73346,"comment_status":"open","ping_status":"open","sticky":false,"template":"","format":"standard","meta":{"_jetpack_memberships_contains_paid_content":false,"footnotes":""},"categories":[2],"tags":[],"class_list":["post-73345","post","type-post","status-publish","format-standard","has-post-thumbnail","hentry","category-estado"],"jetpack_featured_media_url":"https:\/\/encuentroinformativo.com.mx\/wp-content\/uploads\/2025\/12\/IMG-20251206-WA0184-scaled.jpg","jetpack_sharing_enabled":true,"jetpack_likes_enabled":true,"amp_enabled":true,"_links":{"self":[{"href":"https:\/\/encuentroinformativo.com.mx\/index.php?rest_route=\/wp\/v2\/posts\/73345","targetHints":{"allow":["GET"]}}],"collection":[{"href":"https:\/\/encuentroinformativo.com.mx\/index.php?rest_route=\/wp\/v2\/posts"}],"about":[{"href":"https:\/\/encuentroinformativo.com.mx\/index.php?rest_route=\/wp\/v2\/types\/post"}],"author":[{"embeddable":true,"href":"https:\/\/encuentroinformativo.com.mx\/index.php?rest_route=\/wp\/v2\/users\/2476"}],"replies":[{"embeddable":true,"href":"https:\/\/encuentroinformativo.com.mx\/index.php?rest_route=%2Fwp%2Fv2%2Fcomments&post=73345"}],"version-history":[{"count":1,"href":"https:\/\/encuentroinformativo.com.mx\/index.php?rest_route=\/wp\/v2\/posts\/73345\/revisions"}],"predecessor-version":[{"id":73347,"href":"https:\/\/encuentroinformativo.com.mx\/index.php?rest_route=\/wp\/v2\/posts\/73345\/revisions\/73347"}],"wp:featuredmedia":[{"embeddable":true,"href":"https:\/\/encuentroinformativo.com.mx\/index.php?rest_route=\/wp\/v2\/media\/73346"}],"wp:attachment":[{"href":"https:\/\/encuentroinformativo.com.mx\/index.php?rest_route=%2Fwp%2Fv2%2Fmedia&parent=73345"}],"wp:term":[{"taxonomy":"category","embeddable":true,"href":"https:\/\/encuentroinformativo.com.mx\/index.php?rest_route=%2Fwp%2Fv2%2Fcategories&post=73345"},{"taxonomy":"post_tag","embeddable":true,"href":"https:\/\/encuentroinformativo.com.mx\/index.php?rest_route=%2Fwp%2Fv2%2Ftags&post=73345"}],"curies":[{"name":"wp","href":"https:\/\/api.w.org\/{rel}","templated":true}]}}