{"id":73375,"date":"2025-12-08T21:33:57","date_gmt":"2025-12-09T03:33:57","guid":{"rendered":"https:\/\/encuentroinformativo.com.mx\/?p=73375"},"modified":"2025-12-08T21:33:57","modified_gmt":"2025-12-09T03:33:57","slug":"con-40-votos-a-favor-lisbeth-aurelia-jimenez-asume-fiscalia-general-del-estado","status":"publish","type":"post","link":"https:\/\/encuentroinformativo.com.mx\/?p=73375","title":{"rendered":"Con 40 votos a favor, Lisbeth Aurelia Jim\u00e9nez asume Fiscal\u00eda General del Estado"},"content":{"rendered":"<p><strong>Dar\u00edo Pale<\/strong><\/p>\n<p>Xalapa, Ver.- Con 40 votos a favor, 5 en contra y 2 abstenciones, el Congreso del Estado tom\u00f3 protesta a Lisbeth Aurelia Jim\u00e9nez Aguirre como Fiscal General de Justicia de Veracruz, para un periodo de cuatro a\u00f1os, con derecho a una reelecci\u00f3n, conforme a las recientes reformas constitucionales en materia de procuraci\u00f3n de justicia.<\/p>\n<p>La designaci\u00f3n fue formalizada durante la sesi\u00f3n p\u00fablica de este lunes, luego de que la gobernadora Norma Roc\u00edo Nahle Garc\u00eda enviara la propuesta al Poder Legislativo, cumpliendo con lo establecido por la ley.<\/p>\n<p>Horas antes, el Congreso local aprob\u00f3 la renuncia de Ver\u00f3nica Hern\u00e1ndez Giad\u00e1ns, quien ocupaba la titularidad de la Fiscal\u00eda General del Estado (FGE) desde 2019.<\/p>\n<p>Asimismo, los diputados avalaron la separaci\u00f3n temporal por un a\u00f1o de Jim\u00e9nez Aguirre de su cargo como magistrada del Tribunal Superior de Justicia, lo que permiti\u00f3 su participaci\u00f3n en el proceso de elecci\u00f3n.<\/p>\n<p>La llegada de la nueva Fiscal ocurre en un contexto de cambios estructurales dentro del organismo aut\u00f3nomo, tras reformas que ajustaron los mecanismos de nombramiento, la duraci\u00f3n del encargo y las reglas para su remoci\u00f3n.<\/p>\n<p>Con dichas modificaciones, el periodo al frente de la FGE queda fijado en cuatro a\u00f1os, con posibilidad de ser renovado por un periodo adicional.<\/p>\n<p>Lisbeth Aurelia Jim\u00e9nez Aguirre es abogada por la Universidad Veracruzana, especialista en Derecho Penal y cuenta con estudios de posgrado en Ciencias Penales, Derechos Fundamentales y Criminolog\u00eda.<\/p>\n<p>Con la toma de protesta, Jim\u00e9nez Aguirre asumi\u00f3 formalmente el compromiso de encabezar la instituci\u00f3n encargada de la procuraci\u00f3n de justicia en el estado, en apego a lo que determina la Constituci\u00f3n y las leyes del Poder Legislativo.<\/p>\n","protected":false},"excerpt":{"rendered":"<p>Dar\u00edo Pale Xalapa, Ver.- Con 40 votos a favor, 5 en contra y 2 abstenciones, el Congreso del Estado tom\u00f3 protesta a Lisbeth Aurelia Jim\u00e9nez Aguirre como Fiscal General de Justicia de Veracruz, para un periodo de cuatro a\u00f1os, con derecho a una reelecci\u00f3n, conforme a las recientes reformas constitucionales en materia de procuraci\u00f3n de [&hellip;]<\/p>\n","protected":false},"author":2476,"featured_media":73376,"comment_status":"open","ping_status":"open","sticky":false,"template":"","format":"standard","meta":{"_jetpack_memberships_contains_paid_content":false,"footnotes":""},"categories":[2],"tags":[],"class_list":["post-73375","post","type-post","status-publish","format-standard","has-post-thumbnail","hentry","category-estado"],"jetpack_featured_media_url":"https:\/\/encuentroinformativo.com.mx\/wp-content\/uploads\/2025\/12\/IMG-20251208-WA04392.jpg","jetpack_sharing_enabled":true,"jetpack_likes_enabled":true,"amp_enabled":true,"_links":{"self":[{"href":"https:\/\/encuentroinformativo.com.mx\/index.php?rest_route=\/wp\/v2\/posts\/73375","targetHints":{"allow":["GET"]}}],"collection":[{"href":"https:\/\/encuentroinformativo.com.mx\/index.php?rest_route=\/wp\/v2\/posts"}],"about":[{"href":"https:\/\/encuentroinformativo.com.mx\/index.php?rest_route=\/wp\/v2\/types\/post"}],"author":[{"embeddable":true,"href":"https:\/\/encuentroinformativo.com.mx\/index.php?rest_route=\/wp\/v2\/users\/2476"}],"replies":[{"embeddable":true,"href":"https:\/\/encuentroinformativo.com.mx\/index.php?rest_route=%2Fwp%2Fv2%2Fcomments&post=73375"}],"version-history":[{"count":1,"href":"https:\/\/encuentroinformativo.com.mx\/index.php?rest_route=\/wp\/v2\/posts\/73375\/revisions"}],"predecessor-version":[{"id":73377,"href":"https:\/\/encuentroinformativo.com.mx\/index.php?rest_route=\/wp\/v2\/posts\/73375\/revisions\/73377"}],"wp:featuredmedia":[{"embeddable":true,"href":"https:\/\/encuentroinformativo.com.mx\/index.php?rest_route=\/wp\/v2\/media\/73376"}],"wp:attachment":[{"href":"https:\/\/encuentroinformativo.com.mx\/index.php?rest_route=%2Fwp%2Fv2%2Fmedia&parent=73375"}],"wp:term":[{"taxonomy":"category","embeddable":true,"href":"https:\/\/encuentroinformativo.com.mx\/index.php?rest_route=%2Fwp%2Fv2%2Fcategories&post=73375"},{"taxonomy":"post_tag","embeddable":true,"href":"https:\/\/encuentroinformativo.com.mx\/index.php?rest_route=%2Fwp%2Fv2%2Ftags&post=73375"}],"curies":[{"name":"wp","href":"https:\/\/api.w.org\/{rel}","templated":true}]}}