{"id":73378,"date":"2025-12-08T23:01:05","date_gmt":"2025-12-09T05:01:05","guid":{"rendered":"https:\/\/encuentroinformativo.com.mx\/?p=73378"},"modified":"2025-12-08T23:01:05","modified_gmt":"2025-12-09T05:01:05","slug":"trabajare-de-puertas-abiertas-en-la-fiscalia-jimenez-aguirre","status":"publish","type":"post","link":"https:\/\/encuentroinformativo.com.mx\/?p=73378","title":{"rendered":"Trabajar\u00e9 de puertas abiertas en la Fiscal\u00eda: Jim\u00e9nez Aguirre"},"content":{"rendered":"<p><strong>Dar\u00edo Pale<\/strong><\/p>\n<p>Xalapa, Ver.- La reci\u00e9n nombrada fiscal general del Estado de Veracruz, Lisbeth Aurelia Jim\u00e9nez Aguirre, asegur\u00f3 que trabajar\u00e1 con puertas abiertas y mantendr\u00e1 un di\u00e1logo permanente con los colectivos de b\u00fasqueda de personas desaparecidas, as\u00ed como con v\u00edctimas de distintos delitos.<\/p>\n<p>Esto, luego de que algunas organizaciones expresaran temor por posibles retrasos o afectaciones en sus carpetas de investigaci\u00f3n tras el cambio en la titularidad de la Fiscal\u00eda.<\/p>\n<p>Jim\u00e9nez Aguirre record\u00f3 que, durante su paso por el Tribunal Superior de Justicia, sostuvo reuniones con familiares de v\u00edctimas de feminicidio, con colectivos de diversidad sexual y con distintos grupos ciudadanos.<\/p>\n<p>Reiter\u00f3 que su objetivo central ser\u00e1 garantizar acceso a la justicia para todas y todos los veracruzanos, sin distinciones.<\/p>\n<p>\u201cSiempre he trabajado con puertas abiertas. Las v\u00edctimas son quienes buscan justicia y seguir\u00e9 atendiendo sus causas. Mi principal objetivo es que la justicia llegue a cada veracruzano\u201d, expres\u00f3.<\/p>\n<p>Responder\u00e1 a cuestionamientos sobre control de confianza<\/p>\n<p>Ante se\u00f1alamientos del diputado H\u00e9ctor Yunes Landa, quien cuestion\u00f3 si la nueva fiscal hab\u00eda aprobado el examen de control de confianza y sugiri\u00f3 que lo hiciera p\u00fablico, Jim\u00e9nez Aguirre aclar\u00f3 que dicho procedimiento no se aplica a magistrados, por lo que no estaba obligada a realizarlo mientras formaba parte del Poder Judicial.<\/p>\n<p>Explic\u00f3 que el control de confianza se exige exclusivamente a quienes ya han sido designados como fiscales, por lo que ser\u00e1 sometida a la evaluaci\u00f3n una vez concluido el proceso administrativo correspondiente.<\/p>\n<p>\u201cEstoy en la mejor disposici\u00f3n. Es un requisito de ley y lo cumplir\u00e9\u201d, afirm\u00f3.<\/p>\n<p>Adem\u00e1s, se\u00f1al\u00f3 que el legislador desconoce el procedimiento, pues la aplicaci\u00f3n del examen se realiza \u00fanicamente despu\u00e9s del nombramiento como Fiscal General.<\/p>\n<p>Caso Javier Duarte no tendr\u00e1 trato pol\u00edtico, afirma<\/p>\n<p>Respecto al procedimiento que mantiene a revisi\u00f3n la posible vinculaci\u00f3n del exgobernador Javier Duarte por desaparici\u00f3n forzada \u2014caso que incluso la Fiscal\u00eda General de la Rep\u00fablica ha aplazado\u2014, Jim\u00e9nez Aguirre sostuvo que la instituci\u00f3n no operar\u00e1 bajo criterios pol\u00edticos.<\/p>\n<p>\u201cLa justicia no tiene tintes pol\u00edticos. Aqu\u00ed no habr\u00e1 impunidad. Las decisiones no se tomar\u00e1n con base en intereses pol\u00edticos, sino conforme a la ley\u201d, enfatiz\u00f3.<\/p>\n<p>Prioridades: v\u00edctimas, reducci\u00f3n del rezago y modernizaci\u00f3n<\/p>\n<p>La nueva fiscal se\u00f1al\u00f3 que sus prioridades inmediatas ser\u00e1n:<\/p>\n<p>Atender a las v\u00edctimas, especialmente aquellas que reclaman avances en sus casos.<\/p>\n<p>Reducir el rezago en investigaciones, uno de los principales reclamos sociales.<\/p>\n<p>Modernizar la Fiscal\u00eda, un aspecto que consider\u00f3 clave para fortalecer el Sistema de Justicia Penal en su conjunto.<\/p>\n<p>Jim\u00e9nez Aguirre dijo que, aunque en el Poder Judicial se avanz\u00f3 en procesos de modernizaci\u00f3n tecnol\u00f3gica, la Fiscal\u00eda a\u00fan presenta retrasos que han impactado la eficiencia del sistema.<\/p>\n<p>Al cierre de la entrevista, la Fiscal General inform\u00f3 que a\u00fan no tiene definido qui\u00e9n ser\u00e1 su titular de Comunicaci\u00f3n Social, se\u00f1alando que ese nombramiento se anunciar\u00e1 m\u00e1s adelante.<\/p>\n","protected":false},"excerpt":{"rendered":"<p>Dar\u00edo Pale Xalapa, Ver.- La reci\u00e9n nombrada fiscal general del Estado de Veracruz, Lisbeth Aurelia Jim\u00e9nez Aguirre, asegur\u00f3 que trabajar\u00e1 con puertas abiertas y mantendr\u00e1 un di\u00e1logo permanente con los colectivos de b\u00fasqueda de personas desaparecidas, as\u00ed como con v\u00edctimas de distintos delitos. Esto, luego de que algunas organizaciones expresaran temor por posibles retrasos o [&hellip;]<\/p>\n","protected":false},"author":2476,"featured_media":73379,"comment_status":"open","ping_status":"open","sticky":false,"template":"","format":"standard","meta":{"_jetpack_memberships_contains_paid_content":false,"footnotes":""},"categories":[2],"tags":[],"class_list":["post-73378","post","type-post","status-publish","format-standard","has-post-thumbnail","hentry","category-estado"],"jetpack_featured_media_url":"https:\/\/encuentroinformativo.com.mx\/wp-content\/uploads\/2025\/12\/IMG-20251208-WA04482.jpg","jetpack_sharing_enabled":true,"jetpack_likes_enabled":true,"amp_enabled":true,"_links":{"self":[{"href":"https:\/\/encuentroinformativo.com.mx\/index.php?rest_route=\/wp\/v2\/posts\/73378","targetHints":{"allow":["GET"]}}],"collection":[{"href":"https:\/\/encuentroinformativo.com.mx\/index.php?rest_route=\/wp\/v2\/posts"}],"about":[{"href":"https:\/\/encuentroinformativo.com.mx\/index.php?rest_route=\/wp\/v2\/types\/post"}],"author":[{"embeddable":true,"href":"https:\/\/encuentroinformativo.com.mx\/index.php?rest_route=\/wp\/v2\/users\/2476"}],"replies":[{"embeddable":true,"href":"https:\/\/encuentroinformativo.com.mx\/index.php?rest_route=%2Fwp%2Fv2%2Fcomments&post=73378"}],"version-history":[{"count":2,"href":"https:\/\/encuentroinformativo.com.mx\/index.php?rest_route=\/wp\/v2\/posts\/73378\/revisions"}],"predecessor-version":[{"id":73381,"href":"https:\/\/encuentroinformativo.com.mx\/index.php?rest_route=\/wp\/v2\/posts\/73378\/revisions\/73381"}],"wp:featuredmedia":[{"embeddable":true,"href":"https:\/\/encuentroinformativo.com.mx\/index.php?rest_route=\/wp\/v2\/media\/73379"}],"wp:attachment":[{"href":"https:\/\/encuentroinformativo.com.mx\/index.php?rest_route=%2Fwp%2Fv2%2Fmedia&parent=73378"}],"wp:term":[{"taxonomy":"category","embeddable":true,"href":"https:\/\/encuentroinformativo.com.mx\/index.php?rest_route=%2Fwp%2Fv2%2Fcategories&post=73378"},{"taxonomy":"post_tag","embeddable":true,"href":"https:\/\/encuentroinformativo.com.mx\/index.php?rest_route=%2Fwp%2Fv2%2Ftags&post=73378"}],"curies":[{"name":"wp","href":"https:\/\/api.w.org\/{rel}","templated":true}]}}