{"id":73382,"date":"2025-12-09T10:13:44","date_gmt":"2025-12-09T16:13:44","guid":{"rendered":"https:\/\/encuentroinformativo.com.mx\/?p=73382"},"modified":"2025-12-09T10:13:44","modified_gmt":"2025-12-09T16:13:44","slug":"la-chamba-de-yeya","status":"publish","type":"post","link":"https:\/\/encuentroinformativo.com.mx\/?p=73382","title":{"rendered":"LA CHAMBA DE YEYA"},"content":{"rendered":"<p dir=\"ltr\"><strong>Los Pol\u00edticos<\/strong><\/p>\n<p dir=\"ltr\"><strong>Salvador Mu\u00f1oz<\/strong><\/p>\n<p dir=\"ltr\">Yeya tendr\u00e1 una enorme chamba al frente de la Fiscal\u00eda General del Estado que va m\u00e1s all\u00e1 de carpetas de investigaci\u00f3n y dem\u00e1s especies propias de su nuevo encargo\u2026 y esa chamba no es responder a la confianza que le da la Gobernadora con su designaci\u00f3n como tal, sino despertar la confianza en el veracruzano por la impartici\u00f3n de justicia en la entidad.<\/p>\n<p dir=\"ltr\">Se supone esto, porque si nos atenemos al criterio de Roc\u00edo Nahle para con Yeya, uno supone que la investigaci\u00f3n y la persecuci\u00f3n (de delincuentes de a devis) en aras de una justicia pronta y expedita, ya est\u00e1 m\u00e1s que entendida por la Fiscal\u2026<\/p>\n<p dir=\"ltr\">El asunto es que Yeya genere confianza en el ciudadano, as\u00ed, como la despert\u00f3 en Fernando Yunes M\u00e1rquez que en Tribuna, le dio su voto, pero en el tablero, le dio su abstenci\u00f3n aunque para el caso, abstenerse es un voto a favor, dice el cl\u00e1sico.<\/p>\n<p dir=\"ltr\">Yeya tendr\u00e1 que buscar a esos veracruzanos como Indira Rosales San Rom\u00e1n, quien de plano le advirti\u00f3 (y mal hubiera si no) que estar\u00e1 al pendiente de su trabajo que ya no ser\u00e1 s\u00f3lo de ella, sino ha de convidar a la Gobernadora\u2026 si lo hace bien, repercutir\u00e1 en Nahle; si lo hace mal, repercutir\u00e1 en Nahle.<\/p>\n<p dir=\"ltr\">Las virtudes de Yeya salieron a flote como las de un difunto a la hora en que se vot\u00f3 su designaci\u00f3n en el Congreso\u2026 ojal\u00e1 igual se reflejen en su actuaci\u00f3n como Fiscal porque hay un Veracruz que quiere creer en la impartici\u00f3n de justicia.<\/p>\n<p dir=\"ltr\"><strong>MC Y EL PRI<\/strong><\/p>\n<p dir=\"ltr\">La imagen donde aparece Luis Carbonell de la Hoz en reuni\u00f3n con V\u00eda Veracruzana puede tener la cantidad de lecturas que uno imagine\u2026 que si hay alianza para el 2027 de Movimiento Ciudadano con PRI\u2026 o no tanto\u2026 Movimiento Ciudadano apoyado con V\u00eda Veracruzana y de \u00f1apa, por ah\u00ed, hasta la agrupaci\u00f3n Alianza Generacional\u2026<\/p>\n<p dir=\"ltr\">Y de ah\u00ed ya hubo quienes desprendieron a Am\u00e9rico Z\u00fa\u00f1iga como candidato naranja para una curul federal porque la local, es para Rom\u00e1n Moreno\u2026<\/p>\n<p dir=\"ltr\">Todav\u00eda los m\u00e1s avispados vieron al fondo de esa foto donde aparece Luis Carbonell, H\u00e9ctor Yunes, Juan Carlos Tadeo y Miguel \u00c1ngel D\u00edaz Pedroza, a Pepe Yunes, lo que hizo llevar a la prospectiva a panoramas m\u00e1s amplios: El perote\u00f1o, tambi\u00e9n candidato a una curul naranja\u2026 y qui\u00e9n sabe despu\u00e9s.<\/p>\n<p dir=\"ltr\">Siendo m\u00e1s pr\u00e1cticos, uno podr\u00eda ser m\u00e1s simplista y considerar primero que como aparecen juntos H\u00e9ctor Yunes y Carbonell,\u00a0 la relaci\u00f3n que hay entre los dos est\u00e1 m\u00e1s all\u00e1 de partidos\u2026 de cierto modo, H\u00e9ctor viene siendo el \u201cdescubridor\u201d de Carbonell de la Hoz pues empez\u00f3 con \u00e9l en la grilla\u2026 por supuesto, pero no por eso no se deban descartar los escenarios que anteceden a la amistad y or\u00edgenes del dirigente naranja en Veracruz.<\/p>\n","protected":false},"excerpt":{"rendered":"<p>Los Pol\u00edticos Salvador Mu\u00f1oz Yeya tendr\u00e1 una enorme chamba al frente de la Fiscal\u00eda General del Estado que va m\u00e1s all\u00e1 de carpetas de investigaci\u00f3n y dem\u00e1s especies propias de su nuevo encargo\u2026 y esa chamba no es responder a la confianza que le da la Gobernadora con su designaci\u00f3n como tal, sino despertar la [&hellip;]<\/p>\n","protected":false},"author":2476,"featured_media":387,"comment_status":"open","ping_status":"open","sticky":false,"template":"","format":"standard","meta":{"_jetpack_memberships_contains_paid_content":false,"footnotes":""},"categories":[11],"tags":[],"class_list":["post-73382","post","type-post","status-publish","format-standard","has-post-thumbnail","hentry","category-opinion"],"jetpack_featured_media_url":"https:\/\/encuentroinformativo.com.mx\/wp-content\/uploads\/2020\/03\/7CF8A22B-2764-47BE-8F7F-38FE9E5D6A2F.jpeg","jetpack_sharing_enabled":true,"jetpack_likes_enabled":true,"amp_enabled":true,"_links":{"self":[{"href":"https:\/\/encuentroinformativo.com.mx\/index.php?rest_route=\/wp\/v2\/posts\/73382","targetHints":{"allow":["GET"]}}],"collection":[{"href":"https:\/\/encuentroinformativo.com.mx\/index.php?rest_route=\/wp\/v2\/posts"}],"about":[{"href":"https:\/\/encuentroinformativo.com.mx\/index.php?rest_route=\/wp\/v2\/types\/post"}],"author":[{"embeddable":true,"href":"https:\/\/encuentroinformativo.com.mx\/index.php?rest_route=\/wp\/v2\/users\/2476"}],"replies":[{"embeddable":true,"href":"https:\/\/encuentroinformativo.com.mx\/index.php?rest_route=%2Fwp%2Fv2%2Fcomments&post=73382"}],"version-history":[{"count":2,"href":"https:\/\/encuentroinformativo.com.mx\/index.php?rest_route=\/wp\/v2\/posts\/73382\/revisions"}],"predecessor-version":[{"id":73384,"href":"https:\/\/encuentroinformativo.com.mx\/index.php?rest_route=\/wp\/v2\/posts\/73382\/revisions\/73384"}],"wp:featuredmedia":[{"embeddable":true,"href":"https:\/\/encuentroinformativo.com.mx\/index.php?rest_route=\/wp\/v2\/media\/387"}],"wp:attachment":[{"href":"https:\/\/encuentroinformativo.com.mx\/index.php?rest_route=%2Fwp%2Fv2%2Fmedia&parent=73382"}],"wp:term":[{"taxonomy":"category","embeddable":true,"href":"https:\/\/encuentroinformativo.com.mx\/index.php?rest_route=%2Fwp%2Fv2%2Fcategories&post=73382"},{"taxonomy":"post_tag","embeddable":true,"href":"https:\/\/encuentroinformativo.com.mx\/index.php?rest_route=%2Fwp%2Fv2%2Ftags&post=73382"}],"curies":[{"name":"wp","href":"https:\/\/api.w.org\/{rel}","templated":true}]}}