{"id":73385,"date":"2025-12-09T10:29:58","date_gmt":"2025-12-09T16:29:58","guid":{"rendered":"https:\/\/encuentroinformativo.com.mx\/?p=73385"},"modified":"2025-12-09T10:29:58","modified_gmt":"2025-12-09T16:29:58","slug":"para-apoyar-a-jovenes-en-situacion-de-crisis-promueven-canto-por-la-vida","status":"publish","type":"post","link":"https:\/\/encuentroinformativo.com.mx\/?p=73385","title":{"rendered":"Para apoyar a j\u00f3venes en situaci\u00f3n de crisis, promueven &#8220;Canto por la vida&#8221;"},"content":{"rendered":"<p><strong>Dar\u00edo Pale<\/strong><\/p>\n<p>Xalapa, Ver.- Con el objetivo de generar conciencia y brindar un mensaje de apoyo a personas que atraviesan situaciones de crisis emocional, j\u00f3venes xalape\u00f1os presentaron el evento musical \u201cCanto por la Vida\u201d, que se realizar\u00e1 el 13 de diciembre a las 18:00 horas en el barrio de Xallitic, debajo del puente, un punto emblem\u00e1tico donde se han registrado diversos casos de suicidio.<\/p>\n<p>La cantante Mireya Torres Moreno, una de las impulsoras del proyecto, explic\u00f3 que el prop\u00f3sito del concierto es enviar un mensaje de acompa\u00f1amiento y visibilizar la problem\u00e1tica.<\/p>\n<p>\u201cQueremos decirles a quienes est\u00e1n en problemas: no est\u00e1s solo, tus problemas tienen soluci\u00f3n, no temas pedir ayuda. Sabemos que una canci\u00f3n no soluciona el suicidio, pero s\u00ed puede ayudar a hacerlo visible y generar conciencia en las familias\u201d, se\u00f1al\u00f3.<\/p>\n<p>Llamado a detectar se\u00f1ales de alerta<\/p>\n<p>Torres destac\u00f3 la importancia de que la poblaci\u00f3n identifique s\u00edntomas y conductas que podr\u00edan anticipar un riesgo suicida, ya sea en s\u00ed mismos, en amigos o familiares. Entre las se\u00f1ales mencion\u00f3: Hablar sobre querer morir o sobre sentirse una carga, Expresar sentimientos de vac\u00edo, desesperanza o culpa profunda, Estar extremadamente triste, ansioso o agitado, Investigar m\u00e9todos para morir o realizar actos riesgosos, Alejarse de amigos, despedirse o regalar pertenencias importantes, Cambios dr\u00e1sticos de humor, Dormir o comer demasiado o muy poco e Incrementar el consumo de alcohol o drogas.<\/p>\n<p>\u201cSi estos comportamientos son nuevos o se intensifican, es urgente pedir ayuda\u201d, subray\u00f3.<\/p>\n<p>Redes de apoyo<\/p>\n<p>El colectivo invit\u00f3 a los j\u00f3venes y familias a acercarse a la p\u00e1gina de Facebook Aliados del Coraz\u00f3n, donde voluntarios ofrecen escucha, acompa\u00f1amiento y orientaci\u00f3n.<br \/>\nAdem\u00e1s, recordaron la disponibilidad del n\u00famero 800 911 2000, l\u00ednea nacional de atenci\u00f3n a crisis emocionales y prevenci\u00f3n del suicidio.<\/p>\n<p>Participaci\u00f3n de artistas y organizaciones<\/p>\n<p>El concierto contar\u00e1 con la participaci\u00f3n de j\u00f3venes cantantes de la regi\u00f3n, as\u00ed como el respaldo del Frente Nacional por la Familia Xalapa. Su presidente, Gustavo Valderas, destac\u00f3 la importancia de atender el problema desde la comunidad:<\/p>\n<p>\u201cQueremos visibilizar este problema que ha crecido en los \u00faltimos a\u00f1os. Se trata de generar una sociedad m\u00e1s armoniosa, que detecte s\u00edntomas y ayude a quienes est\u00e1n sufriendo\u201d, coment\u00f3.<\/p>\n<p>Valderas se\u00f1al\u00f3 que, si bien no cuentan con cifras exactas de suicidios en Xalapa, el punto de Xallitic ha sido escenario de m\u00faltiples casos, especialmente de personas que deciden lanzarse desde el puente.<\/p>\n<p>Impacto en las familias<\/p>\n<p>Los organizadores coincidieron en que el suicidio deja una profunda huella emocional en el entorno cercano:<\/p>\n<p>\u201cPara las familias es un trauma enorme. Siempre queda la pregunta de qu\u00e9 se pudo haber hecho para ayudar. Por eso queremos que la sociedad est\u00e9 m\u00e1s pendiente de quienes est\u00e1n en riesgo\u201d, explicaron.<\/p>\n<p>Invitan a la ciudadan\u00eda<\/p>\n<p>Finalmente los j\u00f3venes hicieron un llamado a la poblaci\u00f3n a asistir y difundir el evento, con el objetivo de sumar voces en la prevenci\u00f3n del suicidio y promover el acompa\u00f1amiento comunitario.<\/p>\n","protected":false},"excerpt":{"rendered":"<p>Dar\u00edo Pale Xalapa, Ver.- Con el objetivo de generar conciencia y brindar un mensaje de apoyo a personas que atraviesan situaciones de crisis emocional, j\u00f3venes xalape\u00f1os presentaron el evento musical \u201cCanto por la Vida\u201d, que se realizar\u00e1 el 13 de diciembre a las 18:00 horas en el barrio de Xallitic, debajo del puente, un punto [&hellip;]<\/p>\n","protected":false},"author":2476,"featured_media":73386,"comment_status":"open","ping_status":"open","sticky":false,"template":"","format":"standard","meta":{"_jetpack_memberships_contains_paid_content":false,"footnotes":""},"categories":[3],"tags":[],"class_list":["post-73385","post","type-post","status-publish","format-standard","has-post-thumbnail","hentry","category-xalapa"],"jetpack_featured_media_url":"https:\/\/encuentroinformativo.com.mx\/wp-content\/uploads\/2025\/12\/IMG-20251209-WA00702.jpg","jetpack_sharing_enabled":true,"jetpack_likes_enabled":true,"amp_enabled":true,"_links":{"self":[{"href":"https:\/\/encuentroinformativo.com.mx\/index.php?rest_route=\/wp\/v2\/posts\/73385","targetHints":{"allow":["GET"]}}],"collection":[{"href":"https:\/\/encuentroinformativo.com.mx\/index.php?rest_route=\/wp\/v2\/posts"}],"about":[{"href":"https:\/\/encuentroinformativo.com.mx\/index.php?rest_route=\/wp\/v2\/types\/post"}],"author":[{"embeddable":true,"href":"https:\/\/encuentroinformativo.com.mx\/index.php?rest_route=\/wp\/v2\/users\/2476"}],"replies":[{"embeddable":true,"href":"https:\/\/encuentroinformativo.com.mx\/index.php?rest_route=%2Fwp%2Fv2%2Fcomments&post=73385"}],"version-history":[{"count":1,"href":"https:\/\/encuentroinformativo.com.mx\/index.php?rest_route=\/wp\/v2\/posts\/73385\/revisions"}],"predecessor-version":[{"id":73387,"href":"https:\/\/encuentroinformativo.com.mx\/index.php?rest_route=\/wp\/v2\/posts\/73385\/revisions\/73387"}],"wp:featuredmedia":[{"embeddable":true,"href":"https:\/\/encuentroinformativo.com.mx\/index.php?rest_route=\/wp\/v2\/media\/73386"}],"wp:attachment":[{"href":"https:\/\/encuentroinformativo.com.mx\/index.php?rest_route=%2Fwp%2Fv2%2Fmedia&parent=73385"}],"wp:term":[{"taxonomy":"category","embeddable":true,"href":"https:\/\/encuentroinformativo.com.mx\/index.php?rest_route=%2Fwp%2Fv2%2Fcategories&post=73385"},{"taxonomy":"post_tag","embeddable":true,"href":"https:\/\/encuentroinformativo.com.mx\/index.php?rest_route=%2Fwp%2Fv2%2Ftags&post=73385"}],"curies":[{"name":"wp","href":"https:\/\/api.w.org\/{rel}","templated":true}]}}