{"id":7339,"date":"2020-10-26T10:57:21","date_gmt":"2020-10-26T16:57:21","guid":{"rendered":"https:\/\/encuentroinformativo.com.mx\/?p=7339"},"modified":"2020-10-26T10:57:25","modified_gmt":"2020-10-26T16:57:25","slug":"con-protesta-reclaman-alto-a-descuentos-en-la-sev","status":"publish","type":"post","link":"https:\/\/encuentroinformativo.com.mx\/?p=7339","title":{"rendered":"Con protesta, reclaman alto a descuentos en la SEV"},"content":{"rendered":"\n<p><strong>Dar\u00edo Pale <\/strong><\/p>\n\n\n\n<p>Xalapa, Ver.- El vocero del Movimiento Magisterial Popular Veracruzano (MMPV) Daniel Hern\u00e1ndez del \u00c1ngel dio a conocer que el plant\u00f3n que realizaron el d\u00eda de hoy en la Secretar\u00eda de Educaci\u00f3n de Veracruz (SEV), con la finalidad de exigir un alto a los descuentos realizados por financieras en la n\u00f3mina del magisterio, as\u00ed como por el desplazamiento que han sufrido a ra\u00edz de la reforma educativa.<\/p>\n\n\n\n<p>Entrevistado durante la manifestaci\u00f3n en las afueras de la SEV se\u00f1al\u00f3 que\u00a0las financieras cobran hasta el 125 por ciento de inter\u00e9s debido a contratos &#8220;leoninos&#8221; que pasan por la dependencia estatal, lo que podr\u00eda poner en riesgo el pago del aguinaldo y las prestaciones de fin de a\u00f1o,\u00a0&#8220;lo que nosotros exigimos es que dejen de descontar, si hay algo que acordar directamente los usuarios o maestros con las financieras lo arreglamos con las financieras&#8221;.<\/p>\n\n\n\n<p>Dio a conocer que fue interpuesta una denuncia por fraude ante la Fiscal\u00eda General del Estado (FGE), en la que fue se\u00f1alada una mujer identificada como Lupita del Sagrario Castellanos Rinc\u00f3n y otros colaboradores,\u00a0&#8220;ella dec\u00eda que ten\u00eda acuerdos con Secretar\u00eda de Educaci\u00f3n y defraud\u00f3 a miles de maestros, al momento tenemos alrededor de 400, pero \u00faltimamente nos dicen que son much\u00edsimos, miles de maestros\u201d.<\/p>\n\n\n\n<p>&#8220;Hoy no venimos de manera masiva, pero s\u00ed venimos a hacer un emplazamiento a las autoridades de que si no hay una soluci\u00f3n inmediata a las demandas que ya est\u00e1n pactadas con el Presidente de la Rep\u00fablica, nosotros tendr\u00edamos que activarnos de manera fuerte&#8221; advirti\u00f3.<\/p>\n\n\n\n<p>Adem\u00e1s se manifestaron contra las empresas financieras que han retenido parte de los salarios de algunos maestros en la entidad y pidieron que sigan su curso legal las denuncias puestas ante la Fiscal\u00eda General del Estado, ya que se\u00f1alaron a una trabajadora de dicha dependencia de proporcionar indevidamente los datos personales con los cuales se les siguen haciendo descuentos.<\/p>\n\n\n\n<p>Ella se ostentaba como M\u00e1ster N\u00f3mina, Credimaestro y manejaba alrededor de 30 o 40 financieras, ella pod\u00eda hacer los movimientos en cualquier momento en Secretaria de Educaci\u00f3n, entonces la se\u00f1alamos a ella, las empresas y quien resulte responsable&#8221;, manifest\u00f3.<\/p>\n\n\n\n<p><strong>Desplazamiento Reforma Educativa <\/strong><\/p>\n\n\n\n<p>En otro orden de ideas,\u00a0dio a conocer que el desplazamiento a ra\u00edz de la reforma educativa afect\u00f3 a por lo menos media docena de maestros del tecnol\u00f3gico de Juan Rodr\u00edguez Clara y otro docente de Isla, que fueron reprimidos.\u00a0<\/p>\n\n\n\n<p>Record\u00f3 que existe un acuerdo que aprob\u00f3 el Presidente, por el que se deber\u00edan reinstalar a los docentes desplazados, pero en Veracruz sigue pendiente.<\/p>\n\n\n\n<p>Adem\u00e1s, indic\u00f3 que el pr\u00f3ximo 9 de noviembre llevar\u00e1n a cabo otra mesa para trata este asunto que tiene en vilo a muchos profesores de diversas entidades del pa\u00eds.<br><\/p>\n\n\n\n<figure class=\"wp-block-image size-large\"><img loading=\"lazy\" decoding=\"async\" width=\"1024\" height=\"538\" src=\"https:\/\/encuentroinformativo.com.mx\/wp-content\/uploads\/2020\/10\/C4E82B3E-C318-421B-AD15-378F5FCDE657-1024x538.jpeg\" alt=\"\" class=\"wp-image-7341\" srcset=\"https:\/\/encuentroinformativo.com.mx\/wp-content\/uploads\/2020\/10\/C4E82B3E-C318-421B-AD15-378F5FCDE657-1024x538.jpeg 1024w, https:\/\/encuentroinformativo.com.mx\/wp-content\/uploads\/2020\/10\/C4E82B3E-C318-421B-AD15-378F5FCDE657-300x158.jpeg 300w, https:\/\/encuentroinformativo.com.mx\/wp-content\/uploads\/2020\/10\/C4E82B3E-C318-421B-AD15-378F5FCDE657-768x403.jpeg 768w, https:\/\/encuentroinformativo.com.mx\/wp-content\/uploads\/2020\/10\/C4E82B3E-C318-421B-AD15-378F5FCDE657.jpeg 1040w\" sizes=\"auto, (max-width: 1024px) 100vw, 1024px\" \/><\/figure>\n","protected":false},"excerpt":{"rendered":"<p>Dar\u00edo Pale Xalapa, Ver.- El vocero del Movimiento Magisterial Popular Veracruzano (MMPV) Daniel Hern\u00e1ndez del \u00c1ngel dio a conocer que el plant\u00f3n que realizaron el d\u00eda de hoy en la Secretar\u00eda de Educaci\u00f3n de Veracruz (SEV), con la finalidad de exigir un alto a los descuentos realizados por financieras en la n\u00f3mina del magisterio, as\u00ed [&hellip;]<\/p>\n","protected":false},"author":1,"featured_media":7340,"comment_status":"open","ping_status":"open","sticky":false,"template":"","format":"standard","meta":{"_jetpack_memberships_contains_paid_content":false,"footnotes":""},"categories":[3],"tags":[],"class_list":["post-7339","post","type-post","status-publish","format-standard","has-post-thumbnail","hentry","category-xalapa"],"jetpack_featured_media_url":"https:\/\/encuentroinformativo.com.mx\/wp-content\/uploads\/2020\/10\/FB0A7AB1-2276-4CF7-B5B0-9AF18FA80162.jpeg","jetpack_sharing_enabled":true,"jetpack_likes_enabled":true,"amp_enabled":true,"_links":{"self":[{"href":"https:\/\/encuentroinformativo.com.mx\/index.php?rest_route=\/wp\/v2\/posts\/7339","targetHints":{"allow":["GET"]}}],"collection":[{"href":"https:\/\/encuentroinformativo.com.mx\/index.php?rest_route=\/wp\/v2\/posts"}],"about":[{"href":"https:\/\/encuentroinformativo.com.mx\/index.php?rest_route=\/wp\/v2\/types\/post"}],"author":[{"embeddable":true,"href":"https:\/\/encuentroinformativo.com.mx\/index.php?rest_route=\/wp\/v2\/users\/1"}],"replies":[{"embeddable":true,"href":"https:\/\/encuentroinformativo.com.mx\/index.php?rest_route=%2Fwp%2Fv2%2Fcomments&post=7339"}],"version-history":[{"count":1,"href":"https:\/\/encuentroinformativo.com.mx\/index.php?rest_route=\/wp\/v2\/posts\/7339\/revisions"}],"predecessor-version":[{"id":7342,"href":"https:\/\/encuentroinformativo.com.mx\/index.php?rest_route=\/wp\/v2\/posts\/7339\/revisions\/7342"}],"wp:featuredmedia":[{"embeddable":true,"href":"https:\/\/encuentroinformativo.com.mx\/index.php?rest_route=\/wp\/v2\/media\/7340"}],"wp:attachment":[{"href":"https:\/\/encuentroinformativo.com.mx\/index.php?rest_route=%2Fwp%2Fv2%2Fmedia&parent=7339"}],"wp:term":[{"taxonomy":"category","embeddable":true,"href":"https:\/\/encuentroinformativo.com.mx\/index.php?rest_route=%2Fwp%2Fv2%2Fcategories&post=7339"},{"taxonomy":"post_tag","embeddable":true,"href":"https:\/\/encuentroinformativo.com.mx\/index.php?rest_route=%2Fwp%2Fv2%2Ftags&post=7339"}],"curies":[{"name":"wp","href":"https:\/\/api.w.org\/{rel}","templated":true}]}}