{"id":73397,"date":"2025-12-09T13:18:15","date_gmt":"2025-12-09T19:18:15","guid":{"rendered":"https:\/\/encuentroinformativo.com.mx\/?p=73397"},"modified":"2025-12-09T13:18:15","modified_gmt":"2025-12-09T19:18:15","slug":"confia-diputada-en-cero-impunidad-con-la-nueva-titular-de-la-fiscalia","status":"publish","type":"post","link":"https:\/\/encuentroinformativo.com.mx\/?p=73397","title":{"rendered":"Conf\u00eda Diputada en cero impunidad con la nueva titular de la Fiscal\u00eda"},"content":{"rendered":"<p><strong>Dar\u00edo Pale<\/strong><\/p>\n<p>Xalapa, Ver.- La diputada local y presidenta de la Mesa Directiva del Congreso del Estado, Naomi Edith G\u00f3mez Santos, aclar\u00f3 que la nueva fiscal general de Veracruz, quien fue designada por el congreso tras la renuncia de Ver\u00f3nica Hern\u00e1ndez Giad\u00e1ns, cuenta con un per\u00edodo de cuatro a\u00f1os en el cargo, aunque haya solicitado una licencia inicial por un a\u00f1o.<\/p>\n<p>G\u00f3mez explic\u00f3 que la legislaci\u00f3n vigente permite que la funcionaria solicite licencia anual y la renueve conforme se acerque su vencimiento.<\/p>\n<p>\u201cElla pide licencia por un a\u00f1o, pero el cargo es por cuatro. Cuando se cumpla ese a\u00f1o, tendr\u00e1 que volver a meter la licencia por otro a\u00f1o y as\u00ed sucesivamente\u201d, se\u00f1al\u00f3.<\/p>\n<p>La diputada reconoci\u00f3 que entiende la postura de quienes cuestionan este esquema, ya que la funcionaria deber\u00e1 renovar anualmente su permiso; sin embargo, recalc\u00f3 que est\u00e1 completamente facultada por la ley.<\/p>\n<p>Comparecencia: deber\u00e1 asistir la actual titular<\/p>\n<p>Respecto a la pr\u00f3xima ronda de comparecencias de organismos aut\u00f3nomos, G\u00f3mez Santos confirm\u00f3 que deber\u00e1 asistir la nueva fiscal, pues actualmente es ella quien funge como titular del encargo.<\/p>\n<p>\u201cAl final del d\u00eda, no se prev\u00e9 llamar a la anterior. La comparecencia corresponde a quien est\u00e1 en la titularidad\u201d, mencion\u00f3.<\/p>\n<p>La legisladora asegur\u00f3 que la reci\u00e9n nombrada fiscal ya le expres\u00f3 disposici\u00f3n plena para asumir el reto: \u201cTiene que echarse un clavado a todo lo que lleva la Fiscal\u00eda para llegar preparada a la comparecencia\u201d, dijo.<\/p>\n<p>Expectativas: puertas abiertas, justicia y cero impunidad<\/p>\n<p>La presidenta de la Mesa Directiva dijo conocer el desempe\u00f1o previo de la nueva fiscal como magistrada presidenta, por lo que espera un trabajo incluso mejor al realizado en esa etapa.<\/p>\n<p>Destac\u00f3 que la nueva titular se comprometi\u00f3 a mantener las puertas abiertas y trabajar para erradicar la impunidad.<\/p>\n<p>\u201cTodos los veracruzanos queremos justicia pronta y expedita. Para eso debe haber coordinaci\u00f3n entre los tres poderes\u201d, afirm\u00f3.<\/p>\n<p>G\u00f3mez Santos subray\u00f3 que una actuaci\u00f3n efectiva de la Fiscal\u00eda debe traducirse en m\u00e1s seguridad, m\u00e1s justicia y menos impunidad para la poblaci\u00f3n.<\/p>\n<p>Rechaza argumento de que deb\u00eda esperar dos a\u00f1os<\/p>\n<p>La diputada desestim\u00f3 los se\u00f1alamientos de que la nueva fiscal deb\u00eda tener dos a\u00f1os de separaci\u00f3n del cargo de magistrada para poder asumir la Fiscal\u00eda.<\/p>\n<p>Afirm\u00f3 que dichos argumentos no tienen sustento normativo, y que la funcionaria cumple a cabalidad con los requisitos establecidos tras la reforma reciente.<\/p>\n<p>\u201cSon suposiciones sin argumento legal. No entiendo de d\u00f3nde saca la oposici\u00f3n ese tema, porque hasta ahorita no hay ninguna norma que ella incumpla\u201d, puntualiz\u00f3.<\/p>\n","protected":false},"excerpt":{"rendered":"<p>Dar\u00edo Pale Xalapa, Ver.- La diputada local y presidenta de la Mesa Directiva del Congreso del Estado, Naomi Edith G\u00f3mez Santos, aclar\u00f3 que la nueva fiscal general de Veracruz, quien fue designada por el congreso tras la renuncia de Ver\u00f3nica Hern\u00e1ndez Giad\u00e1ns, cuenta con un per\u00edodo de cuatro a\u00f1os en el cargo, aunque haya solicitado [&hellip;]<\/p>\n","protected":false},"author":2476,"featured_media":73398,"comment_status":"open","ping_status":"open","sticky":false,"template":"","format":"standard","meta":{"_jetpack_memberships_contains_paid_content":false,"footnotes":""},"categories":[2],"tags":[],"class_list":["post-73397","post","type-post","status-publish","format-standard","has-post-thumbnail","hentry","category-estado"],"jetpack_featured_media_url":"https:\/\/encuentroinformativo.com.mx\/wp-content\/uploads\/2025\/12\/IMG-20251209-WA0224.jpg","jetpack_sharing_enabled":true,"jetpack_likes_enabled":true,"amp_enabled":true,"_links":{"self":[{"href":"https:\/\/encuentroinformativo.com.mx\/index.php?rest_route=\/wp\/v2\/posts\/73397","targetHints":{"allow":["GET"]}}],"collection":[{"href":"https:\/\/encuentroinformativo.com.mx\/index.php?rest_route=\/wp\/v2\/posts"}],"about":[{"href":"https:\/\/encuentroinformativo.com.mx\/index.php?rest_route=\/wp\/v2\/types\/post"}],"author":[{"embeddable":true,"href":"https:\/\/encuentroinformativo.com.mx\/index.php?rest_route=\/wp\/v2\/users\/2476"}],"replies":[{"embeddable":true,"href":"https:\/\/encuentroinformativo.com.mx\/index.php?rest_route=%2Fwp%2Fv2%2Fcomments&post=73397"}],"version-history":[{"count":1,"href":"https:\/\/encuentroinformativo.com.mx\/index.php?rest_route=\/wp\/v2\/posts\/73397\/revisions"}],"predecessor-version":[{"id":73399,"href":"https:\/\/encuentroinformativo.com.mx\/index.php?rest_route=\/wp\/v2\/posts\/73397\/revisions\/73399"}],"wp:featuredmedia":[{"embeddable":true,"href":"https:\/\/encuentroinformativo.com.mx\/index.php?rest_route=\/wp\/v2\/media\/73398"}],"wp:attachment":[{"href":"https:\/\/encuentroinformativo.com.mx\/index.php?rest_route=%2Fwp%2Fv2%2Fmedia&parent=73397"}],"wp:term":[{"taxonomy":"category","embeddable":true,"href":"https:\/\/encuentroinformativo.com.mx\/index.php?rest_route=%2Fwp%2Fv2%2Fcategories&post=73397"},{"taxonomy":"post_tag","embeddable":true,"href":"https:\/\/encuentroinformativo.com.mx\/index.php?rest_route=%2Fwp%2Fv2%2Ftags&post=73397"}],"curies":[{"name":"wp","href":"https:\/\/api.w.org\/{rel}","templated":true}]}}