{"id":73408,"date":"2025-12-10T09:27:31","date_gmt":"2025-12-10T15:27:31","guid":{"rendered":"https:\/\/encuentroinformativo.com.mx\/?p=73408"},"modified":"2025-12-10T09:27:31","modified_gmt":"2025-12-10T15:27:31","slug":"adviento-tiempo-de-esperanza-y-reflexion-iglesia","status":"publish","type":"post","link":"https:\/\/encuentroinformativo.com.mx\/?p=73408","title":{"rendered":"Adviento, tiempo de esperanza y reflexi\u00f3n: Iglesia"},"content":{"rendered":"<p><strong>Dar\u00edo Pale<\/strong><\/p>\n<p>Xalapa, Ver.- El vocero de la Arquidi\u00f3cesis de Xalapa, padre Juan Beristain de los Santos, hizo un llamado a la feligres\u00eda a vivir el tiempo de Adviento con esperanza, reflexi\u00f3n y apertura espiritual, al coincidir con el cierre del a\u00f1o civil.<\/p>\n<p>El sacerdote se\u00f1al\u00f3 que, pese a los constantes llamados de la Iglesia, contin\u00faan registr\u00e1ndose situaciones preocupantes como el abandono de personas en la v\u00eda p\u00fablica, por lo que consider\u00f3 necesario \u201cdar un jal\u00f3n de orejas\u201d a la ciudadan\u00eda para fomentar la solidaridad y el respeto a la dignidad humana.<\/p>\n<p>Beristain record\u00f3 que el Adviento es un periodo significativo para la Iglesia Cat\u00f3lica, marcado por la preparaci\u00f3n para la llegada de Jes\u00fas. \u201cEs un tiempo lleno de esperanza, de alegr\u00eda, de reconocer nuestras fragilidades, pero tambi\u00e9n de dar gracias porque se termina un a\u00f1o civil y empieza un a\u00f1o lit\u00fargico\u201d, expres\u00f3.<\/p>\n<p>Destac\u00f3 que este periodo invita a los fieles a recibir al Mes\u00edas, \u201cque viene a sanar nuestros corazones\u201d y a impulsar la grandeza interior de cada persona. Por ello, exhort\u00f3 a la poblaci\u00f3n a cerrar el a\u00f1o con \u00e1nimo renovado. \u201cCerramos un a\u00f1o con muchas dificultades, pero as\u00ed ocurre en todo el pa\u00eds y en Am\u00e9rica Latina. La invitaci\u00f3n es a llenarnos de esperanza y de alegr\u00eda\u201d, dijo.<\/p>\n<p><strong>Arquidi\u00f3cesis investiga presunta aparici\u00f3n en iglesia de San Pablo<\/strong><\/p>\n<p>El vocero tambi\u00e9n confirm\u00f3 que la Iglesia analiza un caso reportado en una comunidad de San Pablo, donde se habr\u00eda registrado la aparici\u00f3n de un rostro en el interior de una iglesia.<\/p>\n<p>Indic\u00f3 que, como en todos los fen\u00f3menos extraordinarios de esta naturaleza, el proceso de verificaci\u00f3n inicia con la investigaci\u00f3n directa del p\u00e1rroco responsable, en este caso el padre Jos\u00e9 Luis Castillo Viveros.<\/p>\n<p>\u201cAl p\u00e1rroco le toca verificar la autenticidad, platicar con la persona que reporta este hecho. Es un proceso de investigaci\u00f3n y estamos en el inicio. Siempre as\u00ed procede la Iglesia\u201d, explic\u00f3 Beristain.<\/p>\n<p>Afirm\u00f3 que las apariciones pueden ser aut\u00e9nticas y forman parte de la vida de fe, aunque su valoraci\u00f3n requiere prudencia y discernimiento: \u201cSon esas visiones o apariciones que se tienen; pueden ser reales, pero hay que esperar el juicio del p\u00e1rroco y de la Iglesia\u201d.<\/p>\n<p>El sacerdote se\u00f1al\u00f3 que, hasta el momento, no tienen registro de otras apariciones recientes en Veracruz m\u00e1s all\u00e1 de la reportada en la regi\u00f3n mencionada.<\/p>\n","protected":false},"excerpt":{"rendered":"<p>Dar\u00edo Pale Xalapa, Ver.- El vocero de la Arquidi\u00f3cesis de Xalapa, padre Juan Beristain de los Santos, hizo un llamado a la feligres\u00eda a vivir el tiempo de Adviento con esperanza, reflexi\u00f3n y apertura espiritual, al coincidir con el cierre del a\u00f1o civil. El sacerdote se\u00f1al\u00f3 que, pese a los constantes llamados de la Iglesia, [&hellip;]<\/p>\n","protected":false},"author":2476,"featured_media":73409,"comment_status":"open","ping_status":"open","sticky":false,"template":"","format":"standard","meta":{"_jetpack_memberships_contains_paid_content":false,"footnotes":""},"categories":[3],"tags":[],"class_list":["post-73408","post","type-post","status-publish","format-standard","has-post-thumbnail","hentry","category-xalapa"],"jetpack_featured_media_url":"https:\/\/encuentroinformativo.com.mx\/wp-content\/uploads\/2025\/12\/IMG-20251210-WA00322.jpg","jetpack_sharing_enabled":true,"jetpack_likes_enabled":true,"amp_enabled":true,"_links":{"self":[{"href":"https:\/\/encuentroinformativo.com.mx\/index.php?rest_route=\/wp\/v2\/posts\/73408","targetHints":{"allow":["GET"]}}],"collection":[{"href":"https:\/\/encuentroinformativo.com.mx\/index.php?rest_route=\/wp\/v2\/posts"}],"about":[{"href":"https:\/\/encuentroinformativo.com.mx\/index.php?rest_route=\/wp\/v2\/types\/post"}],"author":[{"embeddable":true,"href":"https:\/\/encuentroinformativo.com.mx\/index.php?rest_route=\/wp\/v2\/users\/2476"}],"replies":[{"embeddable":true,"href":"https:\/\/encuentroinformativo.com.mx\/index.php?rest_route=%2Fwp%2Fv2%2Fcomments&post=73408"}],"version-history":[{"count":1,"href":"https:\/\/encuentroinformativo.com.mx\/index.php?rest_route=\/wp\/v2\/posts\/73408\/revisions"}],"predecessor-version":[{"id":73410,"href":"https:\/\/encuentroinformativo.com.mx\/index.php?rest_route=\/wp\/v2\/posts\/73408\/revisions\/73410"}],"wp:featuredmedia":[{"embeddable":true,"href":"https:\/\/encuentroinformativo.com.mx\/index.php?rest_route=\/wp\/v2\/media\/73409"}],"wp:attachment":[{"href":"https:\/\/encuentroinformativo.com.mx\/index.php?rest_route=%2Fwp%2Fv2%2Fmedia&parent=73408"}],"wp:term":[{"taxonomy":"category","embeddable":true,"href":"https:\/\/encuentroinformativo.com.mx\/index.php?rest_route=%2Fwp%2Fv2%2Fcategories&post=73408"},{"taxonomy":"post_tag","embeddable":true,"href":"https:\/\/encuentroinformativo.com.mx\/index.php?rest_route=%2Fwp%2Fv2%2Ftags&post=73408"}],"curies":[{"name":"wp","href":"https:\/\/api.w.org\/{rel}","templated":true}]}}