{"id":73415,"date":"2025-12-10T11:47:25","date_gmt":"2025-12-10T17:47:25","guid":{"rendered":"https:\/\/encuentroinformativo.com.mx\/?p=73415"},"modified":"2025-12-10T11:47:25","modified_gmt":"2025-12-10T17:47:25","slug":"masculino-pierde-la-vida-en-incendio-en-colonia-de-veracruz","status":"publish","type":"post","link":"https:\/\/encuentroinformativo.com.mx\/?p=73415","title":{"rendered":"Masculino pierde la vida en incendio en colonia de Veracruz"},"content":{"rendered":"<p><strong>Alejandro \u00c1vila<\/strong><\/p>\n<p>Veracruz, Ver.- Una persona identificada como Alan de Jes\u00fas Madrigal Rodr\u00edguez de 35 a\u00f1os de edad y diagnosticado con S\u00edndrome de Williams, falleci\u00f3 este mi\u00e9rcoles 10 de diciembre en el fraccionamiento Costa Dorada tras incendiarse su casa.<\/p>\n<p>La madre del joven que perdi\u00f3 la vida dio a conocer que debido a su peso fue muy complicado poderlo sacar de la vivienda, adem\u00e1s, expuso que las p\u00e9simas condiciones de la avenida Hacienda La Soledad, donde se ubica la casa, fueron factor para que los Bomberos no pudieran ingresar de forma inmediata, pues tuvieron que rodear la zona para poder comenzar a sofocar el fuego.<\/p>\n<p>Personal de la Fiscal\u00eda General del Estado tambi\u00e9n se present\u00f3 en el sitio para hacer las diligencias que permitan determinar la causa del incendio y realizar el levantamiento del cuerpo.<\/p>\n<p><img loading=\"lazy\" decoding=\"async\" class=\"aligncenter size-medium wp-image-73417\" src=\"https:\/\/encuentroinformativo.com.mx\/wp-content\/uploads\/2025\/12\/IMG-20251210-WA0071-300x135.jpg\" alt=\"\" width=\"300\" height=\"135\" srcset=\"https:\/\/encuentroinformativo.com.mx\/wp-content\/uploads\/2025\/12\/IMG-20251210-WA0071-300x135.jpg 300w, https:\/\/encuentroinformativo.com.mx\/wp-content\/uploads\/2025\/12\/IMG-20251210-WA0071-1024x461.jpg 1024w, https:\/\/encuentroinformativo.com.mx\/wp-content\/uploads\/2025\/12\/IMG-20251210-WA0071-768x346.jpg 768w, https:\/\/encuentroinformativo.com.mx\/wp-content\/uploads\/2025\/12\/IMG-20251210-WA0071-1536x691.jpg 1536w, https:\/\/encuentroinformativo.com.mx\/wp-content\/uploads\/2025\/12\/IMG-20251210-WA0071.jpg 1600w\" sizes=\"auto, (max-width: 300px) 100vw, 300px\" \/><\/p>\n","protected":false},"excerpt":{"rendered":"<p>Alejandro \u00c1vila Veracruz, Ver.- Una persona identificada como Alan de Jes\u00fas Madrigal Rodr\u00edguez de 35 a\u00f1os de edad y diagnosticado con S\u00edndrome de Williams, falleci\u00f3 este mi\u00e9rcoles 10 de diciembre en el fraccionamiento Costa Dorada tras incendiarse su casa. La madre del joven que perdi\u00f3 la vida dio a conocer que debido a su peso [&hellip;]<\/p>\n","protected":false},"author":2476,"featured_media":73416,"comment_status":"open","ping_status":"open","sticky":false,"template":"","format":"standard","meta":{"_jetpack_memberships_contains_paid_content":false,"footnotes":""},"categories":[14],"tags":[],"class_list":["post-73415","post","type-post","status-publish","format-standard","has-post-thumbnail","hentry","category-policiaca"],"jetpack_featured_media_url":"https:\/\/encuentroinformativo.com.mx\/wp-content\/uploads\/2025\/12\/IMG-20251210-WA0070.jpg","jetpack_sharing_enabled":true,"jetpack_likes_enabled":true,"amp_enabled":true,"_links":{"self":[{"href":"https:\/\/encuentroinformativo.com.mx\/index.php?rest_route=\/wp\/v2\/posts\/73415","targetHints":{"allow":["GET"]}}],"collection":[{"href":"https:\/\/encuentroinformativo.com.mx\/index.php?rest_route=\/wp\/v2\/posts"}],"about":[{"href":"https:\/\/encuentroinformativo.com.mx\/index.php?rest_route=\/wp\/v2\/types\/post"}],"author":[{"embeddable":true,"href":"https:\/\/encuentroinformativo.com.mx\/index.php?rest_route=\/wp\/v2\/users\/2476"}],"replies":[{"embeddable":true,"href":"https:\/\/encuentroinformativo.com.mx\/index.php?rest_route=%2Fwp%2Fv2%2Fcomments&post=73415"}],"version-history":[{"count":1,"href":"https:\/\/encuentroinformativo.com.mx\/index.php?rest_route=\/wp\/v2\/posts\/73415\/revisions"}],"predecessor-version":[{"id":73418,"href":"https:\/\/encuentroinformativo.com.mx\/index.php?rest_route=\/wp\/v2\/posts\/73415\/revisions\/73418"}],"wp:featuredmedia":[{"embeddable":true,"href":"https:\/\/encuentroinformativo.com.mx\/index.php?rest_route=\/wp\/v2\/media\/73416"}],"wp:attachment":[{"href":"https:\/\/encuentroinformativo.com.mx\/index.php?rest_route=%2Fwp%2Fv2%2Fmedia&parent=73415"}],"wp:term":[{"taxonomy":"category","embeddable":true,"href":"https:\/\/encuentroinformativo.com.mx\/index.php?rest_route=%2Fwp%2Fv2%2Fcategories&post=73415"},{"taxonomy":"post_tag","embeddable":true,"href":"https:\/\/encuentroinformativo.com.mx\/index.php?rest_route=%2Fwp%2Fv2%2Ftags&post=73415"}],"curies":[{"name":"wp","href":"https:\/\/api.w.org\/{rel}","templated":true}]}}