{"id":73423,"date":"2025-12-10T12:30:04","date_gmt":"2025-12-10T18:30:04","guid":{"rendered":"https:\/\/encuentroinformativo.com.mx\/?p=73423"},"modified":"2025-12-10T12:30:04","modified_gmt":"2025-12-10T18:30:04","slug":"no-seria-factible-retirar-subsidio-a-cobros-de-cfe-confia-movimiento-de-lucha-social","status":"publish","type":"post","link":"https:\/\/encuentroinformativo.com.mx\/?p=73423","title":{"rendered":"No ser\u00eda factible retirar subsidio a cobros de CFE, conf\u00eda Movimiento de Lucha Social"},"content":{"rendered":"<p><strong>Dar\u00edo Pale<\/strong><\/p>\n<p>Xalapa, Ver.- El secretario y vocero del Movimiento de Lucha Social en Veracruz, Jorge Morales Barradas, desminti\u00f3 que la Federaci\u00f3n vaya a retirar el subsidio a la energ\u00eda el\u00e9ctrica, como recientemente se difundi\u00f3 en redes sociales a nivel nacional. Afirm\u00f3 que, por las condiciones regulatorias y t\u00e9cnicas, eliminar este apoyo ser\u00eda \u201ccasi imposible\u201d.<\/p>\n<p>Explic\u00f3 que para que desapareciera el subsidio tendr\u00eda que aprobarse una tarifa \u00fanica nacional, propuesta que en su momento plante\u00f3 el exdirector de la CFE, Manuel Bartlett, pero que nunca avanz\u00f3.<\/p>\n<p>\u201cPara aplicar una tarifa \u00fanica se requerir\u00eda la aprobaci\u00f3n del Congreso, el Senado, la Comisi\u00f3n Nacional de Energ\u00eda, la Secretar\u00eda de Energ\u00eda y hasta Hacienda. Hoy no existe ninguna propuesta formal\u201d, asegur\u00f3.<\/p>\n<p>Subsidios vigentes en todas las tarifas<\/p>\n<p>Morales Barradas record\u00f3 que actualmente existen siete tarifas dom\u00e9sticas, adem\u00e1s de las tarifas para alumbrado p\u00fablico, riego y uso general, todas con alg\u00fan tipo de subsidio federal.<\/p>\n<p>En el caso del uso dom\u00e9stico, se\u00f1al\u00f3 que las tarifas dependen de las temperaturas promedio registradas en cada regi\u00f3n, por lo que el apoyo econ\u00f3mico es variable.<\/p>\n<p>Da\u00f1os por inundaciones en la zona norte podr\u00edan afectar mediciones<\/p>\n<p>Respecto a los da\u00f1os provocados por las recientes lluvias e inundaciones en municipios del norte de Veracruz, el vocero advirti\u00f3 que muchos hogares perdieron medidores y equipos el\u00e9ctricos.<\/p>\n<p>Dijo que la CFE debe reemplazar los equipos da\u00f1ados, pues un aparato electr\u00f3nico afectado por el agua podr\u00eda generar consumos err\u00f3neos que perjudiquen la econom\u00eda familiar.<\/p>\n<p>\u201cUn medidor da\u00f1ado puede marcar un consumo excesivo o incluso no marcar nada. Esperamos que la CFE y las dependencias correspondientes atiendan esta situaci\u00f3n para no afectar a las familias\u201d, expres\u00f3.<\/p>\n<p>Avances en la reclasificaci\u00f3n tarifaria en Veracruz<\/p>\n<p>Al cumplirse seis a\u00f1os del gobierno de L\u00f3pez Obrador y el primer a\u00f1o de la administraci\u00f3n de Claudia Sheinbaum, Morales Barradas inform\u00f3 que contin\u00faan los trabajos para lograr una reclasificaci\u00f3n de tarifas en Veracruz, una demanda que el Movimiento de Lucha Social mantiene desde hace casi 18 a\u00f1os.<\/p>\n<p>Asegur\u00f3 que han existido avances importantes en mesas de trabajo con la Secretar\u00eda de Gobernaci\u00f3n, la CFE, la Comisi\u00f3n Nacional de Energ\u00eda, la Secretar\u00eda de Energ\u00eda y la ANUEE.<\/p>\n<p>Destac\u00f3 que, derivado de solicitudes a la Conagua, se instalar\u00e1n estaciones termom\u00e9tricas para sustentar t\u00e9cnicamente la reclasificaci\u00f3n.<\/p>\n<p>Hasta el 70% de los municipios podr\u00edan beneficiarse<\/p>\n<p>El vocero estim\u00f3 que m\u00e1s del 70% de los municipios veracruzanos podr\u00edan acceder a una tarifa m\u00e1s baja.<\/p>\n<p>Algunas zonas podr\u00edan pasar de la tarifa 1B a la 1C, y seis municipios que ya se encuentran en 1C podr\u00edan avanzar hacia la tarifa 1N.<\/p>\n<p>Ello representar\u00eda un ahorro de entre el 30% y 40% en el recibo de luz.<\/p>\n<p>Reconocen apertura del Gobierno del Estado<\/p>\n<p>Morales Barradas agradeci\u00f3 la disposici\u00f3n del secretario de Gobierno, Ricardo Ahued, para dar seguimiento a estas gestiones, as\u00ed como el respaldo de la gobernadora, quien \u2014dijo\u2014 ha impulsado apoyos para las familias m\u00e1s vulnerables.<\/p>\n<p>Finalmente, reiter\u00f3 que seguir\u00e1n trabajando en favor de los usuarios y tambi\u00e9n en temas relacionados con la seguridad y rutas de evacuaci\u00f3n en la zona de influencia de Laguna Verde.<\/p>\n","protected":false},"excerpt":{"rendered":"<p>Dar\u00edo Pale Xalapa, Ver.- El secretario y vocero del Movimiento de Lucha Social en Veracruz, Jorge Morales Barradas, desminti\u00f3 que la Federaci\u00f3n vaya a retirar el subsidio a la energ\u00eda el\u00e9ctrica, como recientemente se difundi\u00f3 en redes sociales a nivel nacional. Afirm\u00f3 que, por las condiciones regulatorias y t\u00e9cnicas, eliminar este apoyo ser\u00eda \u201ccasi imposible\u201d. [&hellip;]<\/p>\n","protected":false},"author":2476,"featured_media":73424,"comment_status":"open","ping_status":"open","sticky":false,"template":"","format":"standard","meta":{"_jetpack_memberships_contains_paid_content":false,"footnotes":""},"categories":[8],"tags":[],"class_list":["post-73423","post","type-post","status-publish","format-standard","has-post-thumbnail","hentry","category-region"],"jetpack_featured_media_url":"https:\/\/encuentroinformativo.com.mx\/wp-content\/uploads\/2025\/12\/IMG-20251210-WA0102.jpg","jetpack_sharing_enabled":true,"jetpack_likes_enabled":true,"amp_enabled":true,"_links":{"self":[{"href":"https:\/\/encuentroinformativo.com.mx\/index.php?rest_route=\/wp\/v2\/posts\/73423","targetHints":{"allow":["GET"]}}],"collection":[{"href":"https:\/\/encuentroinformativo.com.mx\/index.php?rest_route=\/wp\/v2\/posts"}],"about":[{"href":"https:\/\/encuentroinformativo.com.mx\/index.php?rest_route=\/wp\/v2\/types\/post"}],"author":[{"embeddable":true,"href":"https:\/\/encuentroinformativo.com.mx\/index.php?rest_route=\/wp\/v2\/users\/2476"}],"replies":[{"embeddable":true,"href":"https:\/\/encuentroinformativo.com.mx\/index.php?rest_route=%2Fwp%2Fv2%2Fcomments&post=73423"}],"version-history":[{"count":1,"href":"https:\/\/encuentroinformativo.com.mx\/index.php?rest_route=\/wp\/v2\/posts\/73423\/revisions"}],"predecessor-version":[{"id":73425,"href":"https:\/\/encuentroinformativo.com.mx\/index.php?rest_route=\/wp\/v2\/posts\/73423\/revisions\/73425"}],"wp:featuredmedia":[{"embeddable":true,"href":"https:\/\/encuentroinformativo.com.mx\/index.php?rest_route=\/wp\/v2\/media\/73424"}],"wp:attachment":[{"href":"https:\/\/encuentroinformativo.com.mx\/index.php?rest_route=%2Fwp%2Fv2%2Fmedia&parent=73423"}],"wp:term":[{"taxonomy":"category","embeddable":true,"href":"https:\/\/encuentroinformativo.com.mx\/index.php?rest_route=%2Fwp%2Fv2%2Fcategories&post=73423"},{"taxonomy":"post_tag","embeddable":true,"href":"https:\/\/encuentroinformativo.com.mx\/index.php?rest_route=%2Fwp%2Fv2%2Ftags&post=73423"}],"curies":[{"name":"wp","href":"https:\/\/api.w.org\/{rel}","templated":true}]}}