{"id":73437,"date":"2025-12-10T15:32:37","date_gmt":"2025-12-10T21:32:37","guid":{"rendered":"https:\/\/encuentroinformativo.com.mx\/?p=73437"},"modified":"2025-12-10T15:32:37","modified_gmt":"2025-12-10T21:32:37","slug":"familiares-de-fatima-cristal-piden-a-nueva-fiscal-mantener-investigacion-del-caso","status":"publish","type":"post","link":"https:\/\/encuentroinformativo.com.mx\/?p=73437","title":{"rendered":"Familiares de F\u00e1tima Cristal piden a nueva fiscal mantener investigaci\u00f3n del caso"},"content":{"rendered":"<p><strong>Dar\u00edo Pale<\/strong><\/p>\n<p>Xalapa, Ver.- A tres a\u00f1os de la desaparici\u00f3n de F\u00e1tima Cristal Gonz\u00e1lez Patlas, su familia volvi\u00f3 a protestar para denunciar la falta de avances en la investigaci\u00f3n y exigir que la nueva titular de la Fiscal\u00eda General del Estado (FGE) retome el caso con seriedad y sensibilidad.<\/p>\n<p>Con una pancarta en mano, Guadalupe Rub\u00ed Romero Gonz\u00e1lez, t\u00eda de la menor, se manifest\u00f3 afuera del Palacio Municipal de Xalapa, donde lament\u00f3 que el expediente contin\u00faa \u201cexactamente donde empez\u00f3\u201d.<\/p>\n<p>\u201cEsperamos que con el cambio de fiscal general podamos tener noticias de mi ni\u00f1a. De verdad decepciona confiar en las instituciones y ver que todo sigue igual\u201d, expres\u00f3.<\/p>\n<p>Pruebas perdidas y una investigaci\u00f3n que no avanz\u00f3<\/p>\n<p>Romero Gonz\u00e1lez denunci\u00f3 que durante los primeros d\u00edas la Fiscal\u00eda no actu\u00f3 conforme a protocolo, lo que deriv\u00f3 en la p\u00e9rdida de informaci\u00f3n relevante.<\/p>\n<p>\u201cMuchas pruebas se perdieron porque la Fiscal\u00eda no hizo su trabajo. Hubo cambios de fiscales, de polic\u00edas ministeriales y ellos mismos concluyeron que ella se hab\u00eda ido con el novio\u201d, critic\u00f3.<\/p>\n<p>Record\u00f3 que las primeras dos semanas fueron cruciales, pero no hubo b\u00fasqueda ni atenci\u00f3n inmediata.<\/p>\n<p>\u201cTuve que esperar hasta las nueve de la ma\u00f1ana para que me tomaran la denuncia. No es posible que haya tantos desaparecidos y que la Fiscal\u00eda siga igual. No se dan abasto y necesitan una reestructuraci\u00f3n total\u201d, se\u00f1al\u00f3.<\/p>\n<p>La t\u00eda de F\u00e1tima agreg\u00f3 que la investigaci\u00f3n avanz\u00f3 \u00fanicamente cuando el caso se volvi\u00f3 medi\u00e1tico, lo que oblig\u00f3 a las autoridades a iniciar diligencias.<\/p>\n<p>Tambi\u00e9n reproch\u00f3 la falta de acompa\u00f1amiento por parte de algunos colectivos de b\u00fasqueda.<\/p>\n<p>\u201cLos colectivos tambi\u00e9n me decepcionaron porque no cont\u00e9 con su apoyo como imagin\u00e9\u201d, dijo.<\/p>\n<p>Cuestiona la respuesta del exgobernador<\/p>\n<p>Romero Gonz\u00e1lez critic\u00f3 la falta de sensibilidad del exgobernador Cuitl\u00e1huac Garc\u00eda Jim\u00e9nez, a quien acus\u00f3 de eludir su responsabilidad en el caso.<\/p>\n<p>\u201cEl Gobernador se lav\u00f3 las manos. Pensamos que nos iba a dar su apoyo total, pero la respuesta fue absurda y decepcionante\u201d, afirm\u00f3.<\/p>\n<p>\u201cA mi ni\u00f1a se la llevaron\u201d: familia descarta que haya sido una desaparici\u00f3n voluntaria<\/p>\n<p>F\u00e1tima Cristal desapareci\u00f3 el 9 de diciembre de 2022 cuando sal\u00eda de la secundaria en el municipio de Villa Aldama. Estaba por llegar a su casa cuando se perdi\u00f3 contacto con ella.<\/p>\n<p>La joven cumplir\u00e1 18 a\u00f1os el pr\u00f3ximo 16 de enero, por lo que su familia insiste en que no se trat\u00f3 de una decisi\u00f3n propia.<\/p>\n<p>\u201cA mi ni\u00f1a se la llevaron, es v\u00edctima de un delito. Aunque lo quieran tapar, s\u00ed est\u00e1 pasando\u201d, sostuvo su t\u00eda.<\/p>\n<p><img loading=\"lazy\" decoding=\"async\" class=\"aligncenter size-medium wp-image-73439\" src=\"https:\/\/encuentroinformativo.com.mx\/wp-content\/uploads\/2025\/12\/IMG-20251210-WA0280-300x225.jpg\" alt=\"\" width=\"300\" height=\"225\" srcset=\"https:\/\/encuentroinformativo.com.mx\/wp-content\/uploads\/2025\/12\/IMG-20251210-WA0280-300x225.jpg 300w, https:\/\/encuentroinformativo.com.mx\/wp-content\/uploads\/2025\/12\/IMG-20251210-WA0280-1024x768.jpg 1024w, https:\/\/encuentroinformativo.com.mx\/wp-content\/uploads\/2025\/12\/IMG-20251210-WA0280-768x576.jpg 768w, https:\/\/encuentroinformativo.com.mx\/wp-content\/uploads\/2025\/12\/IMG-20251210-WA0280-1536x1152.jpg 1536w, https:\/\/encuentroinformativo.com.mx\/wp-content\/uploads\/2025\/12\/IMG-20251210-WA0280.jpg 1600w\" sizes=\"auto, (max-width: 300px) 100vw, 300px\" \/><\/p>\n","protected":false},"excerpt":{"rendered":"<p>Dar\u00edo Pale Xalapa, Ver.- A tres a\u00f1os de la desaparici\u00f3n de F\u00e1tima Cristal Gonz\u00e1lez Patlas, su familia volvi\u00f3 a protestar para denunciar la falta de avances en la investigaci\u00f3n y exigir que la nueva titular de la Fiscal\u00eda General del Estado (FGE) retome el caso con seriedad y sensibilidad. Con una pancarta en mano, Guadalupe [&hellip;]<\/p>\n","protected":false},"author":2476,"featured_media":73438,"comment_status":"open","ping_status":"open","sticky":false,"template":"","format":"standard","meta":{"_jetpack_memberships_contains_paid_content":false,"footnotes":""},"categories":[8],"tags":[],"class_list":["post-73437","post","type-post","status-publish","format-standard","has-post-thumbnail","hentry","category-region"],"jetpack_featured_media_url":"https:\/\/encuentroinformativo.com.mx\/wp-content\/uploads\/2025\/12\/IMG-20251210-WA0279.jpg","jetpack_sharing_enabled":true,"jetpack_likes_enabled":true,"amp_enabled":true,"_links":{"self":[{"href":"https:\/\/encuentroinformativo.com.mx\/index.php?rest_route=\/wp\/v2\/posts\/73437","targetHints":{"allow":["GET"]}}],"collection":[{"href":"https:\/\/encuentroinformativo.com.mx\/index.php?rest_route=\/wp\/v2\/posts"}],"about":[{"href":"https:\/\/encuentroinformativo.com.mx\/index.php?rest_route=\/wp\/v2\/types\/post"}],"author":[{"embeddable":true,"href":"https:\/\/encuentroinformativo.com.mx\/index.php?rest_route=\/wp\/v2\/users\/2476"}],"replies":[{"embeddable":true,"href":"https:\/\/encuentroinformativo.com.mx\/index.php?rest_route=%2Fwp%2Fv2%2Fcomments&post=73437"}],"version-history":[{"count":1,"href":"https:\/\/encuentroinformativo.com.mx\/index.php?rest_route=\/wp\/v2\/posts\/73437\/revisions"}],"predecessor-version":[{"id":73440,"href":"https:\/\/encuentroinformativo.com.mx\/index.php?rest_route=\/wp\/v2\/posts\/73437\/revisions\/73440"}],"wp:featuredmedia":[{"embeddable":true,"href":"https:\/\/encuentroinformativo.com.mx\/index.php?rest_route=\/wp\/v2\/media\/73438"}],"wp:attachment":[{"href":"https:\/\/encuentroinformativo.com.mx\/index.php?rest_route=%2Fwp%2Fv2%2Fmedia&parent=73437"}],"wp:term":[{"taxonomy":"category","embeddable":true,"href":"https:\/\/encuentroinformativo.com.mx\/index.php?rest_route=%2Fwp%2Fv2%2Fcategories&post=73437"},{"taxonomy":"post_tag","embeddable":true,"href":"https:\/\/encuentroinformativo.com.mx\/index.php?rest_route=%2Fwp%2Fv2%2Ftags&post=73437"}],"curies":[{"name":"wp","href":"https:\/\/api.w.org\/{rel}","templated":true}]}}