{"id":73456,"date":"2025-12-11T12:03:31","date_gmt":"2025-12-11T18:03:31","guid":{"rendered":"https:\/\/encuentroinformativo.com.mx\/?p=73456"},"modified":"2025-12-11T12:03:31","modified_gmt":"2025-12-11T18:03:31","slug":"invitan-a-presentacion-de-cortometrajes-animate-a-animar","status":"publish","type":"post","link":"https:\/\/encuentroinformativo.com.mx\/?p=73456","title":{"rendered":"Invitan a presentaci\u00f3n de cortometrajes \u201cAn\u00edmate a Animar\u201d"},"content":{"rendered":"<p><strong>Dar\u00edo Pale<\/strong><\/p>\n<p>Xalapa, Ver.- Colectivos de Xalapa anunciaron la realizaci\u00f3n de un evento gratuito dirigido a las infancias y sus familias, que se llevar\u00e1 a cabo el s\u00e1bado 13 de diciembre a las 3 de la tarde en el Lago de la Ciudad.<\/p>\n<p>La actividad reunir\u00e1 proyectos de animaci\u00f3n, m\u00fasica y creaci\u00f3n infantil, con el prop\u00f3sito de ofrecer alternativas culturales y creativas fuera del entorno digital.<\/p>\n<p>Los representantes de los colectivos \u2014Felipe Ortega, Olivia Hern\u00e1ndez y Jenny Eber-P\u00e9rez\u2014 detallaron que el proyecto central ser\u00e1 la presentaci\u00f3n de los cortometrajes de \u201cAn\u00edmate a Animar\u201d, iniciativa que cumple diez a\u00f1os formando a ni\u00f1as y ni\u00f1os en t\u00e9cnicas de animaci\u00f3n.<\/p>\n<p>En esta edici\u00f3n, La Guarida, Club de Amistad, organizaci\u00f3n dedicada a atender a infancias en situaci\u00f3n vulnerable, particip\u00f3 en la creaci\u00f3n de uno de los cortos.<\/p>\n<p style=\"text-align: center;\"><strong>Cortometrajes creados totalmente por ni\u00f1as y ni\u00f1os<\/strong><\/p>\n<p>Eber-P\u00e9rez explic\u00f3 que en el caso de La Guarida fueron 16 ni\u00f1os quienes desarrollaron el cortometraje desde la elaboraci\u00f3n del gui\u00f3n, dise\u00f1o de personajes, grabaci\u00f3n y edici\u00f3n.<\/p>\n<p>\u201cEl corto surge de su propia voz. Ellos eligieron la tem\u00e1tica, construyeron la historia y realizaron todo el proceso creativo\u201d, se\u00f1al\u00f3. El resultado forma parte de una selecci\u00f3n nacional de cortos creados por ni\u00f1as y ni\u00f1os de varias entidades.<\/p>\n<p>La tem\u00e1tica elegida por los participantes de La Guarida se centra en el uso excesivo de dispositivos electr\u00f3nicos, una preocupaci\u00f3n que ellos mismos identificaron como relevante en su vida cotidiana y en su bienestar emocional.<\/p>\n<p style=\"text-align: center;\"><strong>Musicar aportar\u00e1 la parte musical del evento<\/strong><\/p>\n<p>Por su parte, Olivia Hern\u00e1ndez, directora de Musicar, indic\u00f3 que este proyecto trabaja con ni\u00f1os desde los 1 a\u00f1o 8 meses hasta los 12 a\u00f1os, mediante una pedagog\u00eda europea enfocada en aprendizaje musical comunitario.<\/p>\n<p>En el evento participar\u00e1n 15 ni\u00f1os m\u00fasicos, quienes se encargar\u00e1n no solo de los n\u00fameros musicales \u2014piano, canto, percusiones y danza\u2014 sino tambi\u00e9n de la conducci\u00f3n del programa.<\/p>\n<p>\u201cNos interesa que los ni\u00f1os sean parte activa de los proyectos hechos para ellos. La m\u00fasica les permite ejercitar su creatividad y conectar consigo mismos\u201d, afirm\u00f3 Hern\u00e1ndez.<\/p>\n<p style=\"text-align: center;\"><strong>La importancia de espacios alejados de las pantallas<\/strong><\/p>\n<p>Las y los integrantes de los colectivos coincidieron en que los dispositivos digitales se han convertido en una presencia constante en la vida de ni\u00f1as y ni\u00f1os. Se\u00f1alaron que, si bien la tecnolog\u00eda es inevitable, es necesario promover el equilibrio y ense\u00f1ar a las infancias a elegir contenidos adecuados, as\u00ed como reconocer los efectos que puede tener el uso excesivo en su salud f\u00edsica y emocional.<\/p>\n<p>Recordaron que el cortometraje creado por los ni\u00f1os explora precisamente ese tema: c\u00f3mo el uso prolongado de pantallas puede llevar a \u201cperderse la vida real\u201d y afectar su bienestar.<\/p>\n<p>En ese sentido, los organizadores subrayaron la importancia de generar espacios presenciales, donde los ni\u00f1os puedan convivir, crear, expresarse y presenciar a otros ni\u00f1os haciendo arte, sin la mediaci\u00f3n de una pantalla.<\/p>\n<p>Participaci\u00f3n y edades<\/p>\n<p>16 ni\u00f1os participaron en el cortometraje de La Guarida.<\/p>\n<p>15 ni\u00f1os de Musicar estar\u00e1n en la conducci\u00f3n y n\u00fameros art\u00edsticos.<\/p>\n<p>Las edades van de 6 a 12 a\u00f1os en La Guarida, y de 1 a\u00f1o 8 meses a 12 a\u00f1os en Musicar (seg\u00fan las actividades).<\/p>\n<p>El pianista m\u00e1s peque\u00f1o que se presentar\u00e1 tiene 5 a\u00f1os.<\/p>\n<p style=\"text-align: center;\"><strong>Invitaci\u00f3n abierta<\/strong><\/p>\n<p>Los colectivos reiteraron que se trata de un evento totalmente gratuito, sin registro previo ni costo, dirigido a familias y a todas las personas interesadas en conocer los proyectos creativos que las infancias est\u00e1n desarrollando en Xalapa.<\/p>\n<p>Finalmente se\u00f1alaron que la presentaci\u00f3n ser\u00e1 el s\u00e1bado 13 de diciembre a las 3:00 p.m., en el Lago de la Ciudad.<\/p>\n","protected":false},"excerpt":{"rendered":"<p>Dar\u00edo Pale Xalapa, Ver.- Colectivos de Xalapa anunciaron la realizaci\u00f3n de un evento gratuito dirigido a las infancias y sus familias, que se llevar\u00e1 a cabo el s\u00e1bado 13 de diciembre a las 3 de la tarde en el Lago de la Ciudad. La actividad reunir\u00e1 proyectos de animaci\u00f3n, m\u00fasica y creaci\u00f3n infantil, con el [&hellip;]<\/p>\n","protected":false},"author":2476,"featured_media":73457,"comment_status":"open","ping_status":"open","sticky":false,"template":"","format":"standard","meta":{"_jetpack_memberships_contains_paid_content":false,"footnotes":""},"categories":[3],"tags":[],"class_list":["post-73456","post","type-post","status-publish","format-standard","has-post-thumbnail","hentry","category-xalapa"],"jetpack_featured_media_url":"https:\/\/encuentroinformativo.com.mx\/wp-content\/uploads\/2025\/12\/IMG-20251211-WA0112.jpg","jetpack_sharing_enabled":true,"jetpack_likes_enabled":true,"amp_enabled":true,"_links":{"self":[{"href":"https:\/\/encuentroinformativo.com.mx\/index.php?rest_route=\/wp\/v2\/posts\/73456","targetHints":{"allow":["GET"]}}],"collection":[{"href":"https:\/\/encuentroinformativo.com.mx\/index.php?rest_route=\/wp\/v2\/posts"}],"about":[{"href":"https:\/\/encuentroinformativo.com.mx\/index.php?rest_route=\/wp\/v2\/types\/post"}],"author":[{"embeddable":true,"href":"https:\/\/encuentroinformativo.com.mx\/index.php?rest_route=\/wp\/v2\/users\/2476"}],"replies":[{"embeddable":true,"href":"https:\/\/encuentroinformativo.com.mx\/index.php?rest_route=%2Fwp%2Fv2%2Fcomments&post=73456"}],"version-history":[{"count":2,"href":"https:\/\/encuentroinformativo.com.mx\/index.php?rest_route=\/wp\/v2\/posts\/73456\/revisions"}],"predecessor-version":[{"id":73459,"href":"https:\/\/encuentroinformativo.com.mx\/index.php?rest_route=\/wp\/v2\/posts\/73456\/revisions\/73459"}],"wp:featuredmedia":[{"embeddable":true,"href":"https:\/\/encuentroinformativo.com.mx\/index.php?rest_route=\/wp\/v2\/media\/73457"}],"wp:attachment":[{"href":"https:\/\/encuentroinformativo.com.mx\/index.php?rest_route=%2Fwp%2Fv2%2Fmedia&parent=73456"}],"wp:term":[{"taxonomy":"category","embeddable":true,"href":"https:\/\/encuentroinformativo.com.mx\/index.php?rest_route=%2Fwp%2Fv2%2Fcategories&post=73456"},{"taxonomy":"post_tag","embeddable":true,"href":"https:\/\/encuentroinformativo.com.mx\/index.php?rest_route=%2Fwp%2Fv2%2Ftags&post=73456"}],"curies":[{"name":"wp","href":"https:\/\/api.w.org\/{rel}","templated":true}]}}