{"id":7346,"date":"2020-10-26T12:17:25","date_gmt":"2020-10-26T18:17:25","guid":{"rendered":"https:\/\/encuentroinformativo.com.mx\/?p=7346"},"modified":"2020-10-26T12:17:30","modified_gmt":"2020-10-26T18:17:30","slug":"vecinos-marchan-como-muestra-de-rechazo-a-ciclovia","status":"publish","type":"post","link":"https:\/\/encuentroinformativo.com.mx\/?p=7346","title":{"rendered":"Vecinos marchan como muestra de rechazo a ciclov\u00eda"},"content":{"rendered":"\n<p><strong>Juan Arcos <\/strong><\/p>\n\n\n\n<p>Xalapa, Ver.- Vecinos y comerciantes protestaron nuevamente sobre la avenida Ruiz Cortines, en rechazo al proyecto para la instalaci\u00f3n de una ciclov\u00eda en la zona.<\/p>\n\n\n\n<p>Las personas se concentraron en dicha avenida, a la altura de la Secretar\u00eda de Finanzas y Planeaci\u00f3n (Sefiplan), para externar su inconformidad.<\/p>\n\n\n\n<p>Los quejosos solicitaron una audiencia con autoridades del ayuntamiento de Xalapa para aclarar dudas sobre las ventajas y desventajas del proyecto.<\/p>\n\n\n\n<p>De acuerdo con el abogado Armando R\u00edos Fortuna, la gente propone que la ciclov\u00eda sea habilitada sobre el camell\u00f3n y no en el carril derecho, como est\u00e1 contemplado en el proyecto municipal.<\/p>\n\n\n\n<p>\u201cExigimos a las autoridades comprometerse a construir y respetar las rampas para las personas discapacitadas que se conducen en sillas de ruedas y que tienen la necesidad de accesar a las banquetas\u201d.<\/p>\n\n\n\n<p>Tambi\u00e9n pidieron la reparaci\u00f3n de todas las alcantarillas que se encuentran en mal estado a lo largo de toda la avenida Adolfo Ruiz Cortines.<\/p>\n\n\n\n<p>\u201cQue se comprometan a reparar las banquetas y los baches de los 11 kil\u00f3metros que comprende la avenida, desde Los Sauces hasta la avenida Xalapa, pero no parchar los baches como ya lo hicieron en alguna ocasi\u00f3n\u201d.<\/p>\n\n\n\n<p>Los vecinos y comerciantes pidieron que la avenida sea reencarpetada con concreto hidr\u00e1ulico, para que las fuertes lluvias no levanten los materiales que recubren los baches.<\/p>\n\n\n\n<p>Posteriormente, algunos de ellos hicieron una caravana y otros marcharon para trasladarse al Centro Hist\u00f3rico de la ciudad y garantizar que fuesen escuchadas sus peticiones.<\/p>\n","protected":false},"excerpt":{"rendered":"<p>Juan Arcos Xalapa, Ver.- Vecinos y comerciantes protestaron nuevamente sobre la avenida Ruiz Cortines, en rechazo al proyecto para la instalaci\u00f3n de una ciclov\u00eda en la zona. Las personas se concentraron en dicha avenida, a la altura de la Secretar\u00eda de Finanzas y Planeaci\u00f3n (Sefiplan), para externar su inconformidad. Los quejosos solicitaron una audiencia con [&hellip;]<\/p>\n","protected":false},"author":1,"featured_media":7347,"comment_status":"open","ping_status":"open","sticky":false,"template":"","format":"standard","meta":{"_jetpack_memberships_contains_paid_content":false,"footnotes":""},"categories":[3],"tags":[],"class_list":["post-7346","post","type-post","status-publish","format-standard","has-post-thumbnail","hentry","category-xalapa"],"jetpack_featured_media_url":"https:\/\/encuentroinformativo.com.mx\/wp-content\/uploads\/2020\/10\/91F3E849-83B1-414C-9DCD-F6577B6A3BAF.jpeg","jetpack_sharing_enabled":true,"jetpack_likes_enabled":true,"amp_enabled":true,"_links":{"self":[{"href":"https:\/\/encuentroinformativo.com.mx\/index.php?rest_route=\/wp\/v2\/posts\/7346","targetHints":{"allow":["GET"]}}],"collection":[{"href":"https:\/\/encuentroinformativo.com.mx\/index.php?rest_route=\/wp\/v2\/posts"}],"about":[{"href":"https:\/\/encuentroinformativo.com.mx\/index.php?rest_route=\/wp\/v2\/types\/post"}],"author":[{"embeddable":true,"href":"https:\/\/encuentroinformativo.com.mx\/index.php?rest_route=\/wp\/v2\/users\/1"}],"replies":[{"embeddable":true,"href":"https:\/\/encuentroinformativo.com.mx\/index.php?rest_route=%2Fwp%2Fv2%2Fcomments&post=7346"}],"version-history":[{"count":1,"href":"https:\/\/encuentroinformativo.com.mx\/index.php?rest_route=\/wp\/v2\/posts\/7346\/revisions"}],"predecessor-version":[{"id":7348,"href":"https:\/\/encuentroinformativo.com.mx\/index.php?rest_route=\/wp\/v2\/posts\/7346\/revisions\/7348"}],"wp:featuredmedia":[{"embeddable":true,"href":"https:\/\/encuentroinformativo.com.mx\/index.php?rest_route=\/wp\/v2\/media\/7347"}],"wp:attachment":[{"href":"https:\/\/encuentroinformativo.com.mx\/index.php?rest_route=%2Fwp%2Fv2%2Fmedia&parent=7346"}],"wp:term":[{"taxonomy":"category","embeddable":true,"href":"https:\/\/encuentroinformativo.com.mx\/index.php?rest_route=%2Fwp%2Fv2%2Fcategories&post=7346"},{"taxonomy":"post_tag","embeddable":true,"href":"https:\/\/encuentroinformativo.com.mx\/index.php?rest_route=%2Fwp%2Fv2%2Ftags&post=7346"}],"curies":[{"name":"wp","href":"https:\/\/api.w.org\/{rel}","templated":true}]}}