{"id":73460,"date":"2025-12-11T12:15:29","date_gmt":"2025-12-11T18:15:29","guid":{"rendered":"https:\/\/encuentroinformativo.com.mx\/?p=73460"},"modified":"2025-12-11T12:15:29","modified_gmt":"2025-12-11T18:15:29","slug":"para-promover-empoderamiento-de-mujeres-realizaran-encuentro-internacional-de-capoeira","status":"publish","type":"post","link":"https:\/\/encuentroinformativo.com.mx\/?p=73460","title":{"rendered":"Para promover empoderamiento de mujeres, realizar\u00e1n encuentro internacional de Capoeira"},"content":{"rendered":"<p><strong>Dar\u00edo Pale<\/strong><\/p>\n<p>Xalapa, Ver.- Instructoras y organizadoras del movimiento femenino de capoeira en M\u00e9xico anunciaron la realizaci\u00f3n de un encuentro internacional dedicado al empoderamiento de las mujeres a trav\u00e9s de este arte afrobrasile\u00f1o, el cual se llevar\u00e1 a cabo del 11 al 14 de diciembre en distintas sedes de Xalapa, Coatepec y la regi\u00f3n.<\/p>\n<p>El evento reunir\u00e1 a m\u00e1s de 100 mujeres de diversos estados del pa\u00eds, as\u00ed como practicantes e instructores de Estados Unidos y Canad\u00e1.<\/p>\n<p>Adem\u00e1s, asistir\u00e1n cuatro maestros brasile\u00f1os, quienes impartir\u00e1n talleres, clases y actividades formativas.<\/p>\n<p>Capoeira: defensa personal, autoconfianza y una herramienta de transformaci\u00f3n<\/p>\n<p>De acuerdo con las organizadoras, la capoeira no solo fortalece habilidades f\u00edsicas como coordinaci\u00f3n, flexibilidad y resistencia, sino que es una herramienta clave de defensa personal y de fortalecimiento emocional para las mujeres.<\/p>\n<p>Explicaron que a trav\u00e9s de su pr\u00e1ctica constante las mujeres desarrollan: Autoconfianza, Autoestima fortalecida, Mayor seguridad para enfrentar situaciones de riesgo, Capacidad de reacci\u00f3n f\u00edsica y mental, y Sentido de comunidad y apoyo entre mujeres.<\/p>\n<p>Adem\u00e1s, se\u00f1alaron que existen testimonios internacionales \u2014que se muestran en el documental que ser\u00e1 proyectado este s\u00e1bado\u2014 sobre mujeres provenientes de favelas brasile\u00f1as que, gracias a la capoeira, lograron transformar su vida, salir de contextos de violencia y reconstruirse con nuevas oportunidades, incluso viviendo y trabajando en otros pa\u00edses.<\/p>\n<p>\u201cEl objetivo es quitar el tab\u00fa y mostrar que la mujer s\u00ed puede ser parte de este arte marcial, no solo en roles limitados, sino como creadoras, m\u00fasicas, instructoras y l\u00edderes\u201d, afirmaron.<\/p>\n<p style=\"text-align: center;\"><strong>Encuentro femenino: m\u00fasica, talleres y documental<\/strong><\/p>\n<p>El encuentro contempla una agenda amplia enfocada en la participaci\u00f3n femenina:<\/p>\n<p>Jueves a domingo \u2013 Cursos con maestros brasile\u00f1os<\/p>\n<p>En sedes como el Colegio Prebolledo y la Polo M\u00e9xico en Coatepec se impartir\u00e1n talleres sobre t\u00e9cnica, musicalidad, defensa personal y la participaci\u00f3n de la mujer en la capoeira. La entrada es gratuita.<\/p>\n<p>Jueves \u2013 Presentaci\u00f3n del primer cancionero de capoeira hecho por mujeres mexicanas<\/p>\n<p>Se realizar\u00e1 una demostraci\u00f3n abierta donde se presentar\u00e1 m\u00fasica original creada exclusivamente por mujeres de M\u00e9xico, una acci\u00f3n in\u00e9dita en el pa\u00eds.<\/p>\n<p>Viernes \u2013 Talleres diversos<\/p>\n<p>Actividades formativas enfocadas en t\u00e9cnica, ritmo y juego, abiertas al p\u00fablico.<\/p>\n<p>S\u00e1bado \u2013 Documental \u201cMarcia\u201d en Cinetix Zaragoza<\/p>\n<p>5:00 p.m., entrada libre.<br \/>\nEl documental muestra historias reales de mujeres que, gracias a la capoeira, han encontrado fuerza, resiliencia y nuevas posibilidades de vida.<\/p>\n<p>S\u00e1bado \u2013 Exhibici\u00f3n en Parque Ju\u00e1rez<\/p>\n<p>6:00 p.m.<br \/>\nParticipaci\u00f3n de mujeres, ni\u00f1as y visitantes internacionales.<\/p>\n<p>Domingo \u2013 Ceremonia y entrega de cuerdas<\/p>\n<p>Ser\u00e1 en el Sindicato de Telefonistas, colonia Buenavista, desde las 10:00 a.m., donde se reconocer\u00e1 el avance de practicantes y alumnas.<\/p>\n<p>Xalapa, punto clave para la capoeira femenina en Norteam\u00e9rica<\/p>\n<p>Las organizadoras destacaron la importancia de realizar este encuentro en Xalapa, pues la ciudad busca consolidarse como centro de referencia para la difusi\u00f3n de la capoeira femenina en Norteam\u00e9rica.<\/p>\n<p>\u201cEs un mensaje claro: la capoeira no es solo para brasile\u00f1as; las mujeres mexicanas tambi\u00e9n pueden practicar, crear, dirigir y liderar\u201d, se\u00f1alaron.<\/p>\n<p>Nombres de las organizadoras<\/p>\n<p>Ang\u00e9lica Clemente, graduada Cascata, Cabarata Puebla<\/p>\n<p>Liliana Montiel, instructora Flor de Humano, Avada Capoeira<\/p>\n<p>Ambas recalcaron la importancia de que m\u00e1s mujeres se acerquen a esta disciplina, pues adem\u00e1s de ser un arte, una danza y un deporte, se ha demostrado como una herramienta integral de empoderamiento femenino.<\/p>\n","protected":false},"excerpt":{"rendered":"<p>Dar\u00edo Pale Xalapa, Ver.- Instructoras y organizadoras del movimiento femenino de capoeira en M\u00e9xico anunciaron la realizaci\u00f3n de un encuentro internacional dedicado al empoderamiento de las mujeres a trav\u00e9s de este arte afrobrasile\u00f1o, el cual se llevar\u00e1 a cabo del 11 al 14 de diciembre en distintas sedes de Xalapa, Coatepec y la regi\u00f3n. El [&hellip;]<\/p>\n","protected":false},"author":2476,"featured_media":73461,"comment_status":"open","ping_status":"open","sticky":false,"template":"","format":"standard","meta":{"_jetpack_memberships_contains_paid_content":false,"footnotes":""},"categories":[8],"tags":[],"class_list":["post-73460","post","type-post","status-publish","format-standard","has-post-thumbnail","hentry","category-region"],"jetpack_featured_media_url":"https:\/\/encuentroinformativo.com.mx\/wp-content\/uploads\/2025\/12\/IMG-20251211-WA0129.jpg","jetpack_sharing_enabled":true,"jetpack_likes_enabled":true,"amp_enabled":true,"_links":{"self":[{"href":"https:\/\/encuentroinformativo.com.mx\/index.php?rest_route=\/wp\/v2\/posts\/73460","targetHints":{"allow":["GET"]}}],"collection":[{"href":"https:\/\/encuentroinformativo.com.mx\/index.php?rest_route=\/wp\/v2\/posts"}],"about":[{"href":"https:\/\/encuentroinformativo.com.mx\/index.php?rest_route=\/wp\/v2\/types\/post"}],"author":[{"embeddable":true,"href":"https:\/\/encuentroinformativo.com.mx\/index.php?rest_route=\/wp\/v2\/users\/2476"}],"replies":[{"embeddable":true,"href":"https:\/\/encuentroinformativo.com.mx\/index.php?rest_route=%2Fwp%2Fv2%2Fcomments&post=73460"}],"version-history":[{"count":1,"href":"https:\/\/encuentroinformativo.com.mx\/index.php?rest_route=\/wp\/v2\/posts\/73460\/revisions"}],"predecessor-version":[{"id":73462,"href":"https:\/\/encuentroinformativo.com.mx\/index.php?rest_route=\/wp\/v2\/posts\/73460\/revisions\/73462"}],"wp:featuredmedia":[{"embeddable":true,"href":"https:\/\/encuentroinformativo.com.mx\/index.php?rest_route=\/wp\/v2\/media\/73461"}],"wp:attachment":[{"href":"https:\/\/encuentroinformativo.com.mx\/index.php?rest_route=%2Fwp%2Fv2%2Fmedia&parent=73460"}],"wp:term":[{"taxonomy":"category","embeddable":true,"href":"https:\/\/encuentroinformativo.com.mx\/index.php?rest_route=%2Fwp%2Fv2%2Fcategories&post=73460"},{"taxonomy":"post_tag","embeddable":true,"href":"https:\/\/encuentroinformativo.com.mx\/index.php?rest_route=%2Fwp%2Fv2%2Ftags&post=73460"}],"curies":[{"name":"wp","href":"https:\/\/api.w.org\/{rel}","templated":true}]}}