{"id":73463,"date":"2025-12-11T13:32:52","date_gmt":"2025-12-11T19:32:52","guid":{"rendered":"https:\/\/encuentroinformativo.com.mx\/?p=73463"},"modified":"2025-12-11T13:32:52","modified_gmt":"2025-12-11T19:32:52","slug":"nueva-acusacion-contra-exdirigente-del-prd-veracruz","status":"publish","type":"post","link":"https:\/\/encuentroinformativo.com.mx\/?p=73463","title":{"rendered":"Nueva acusaci\u00f3n contra exdirigente del PRD Veracruz"},"content":{"rendered":"<p><strong>Alejandro \u00c1vila<\/strong><\/p>\n<p>Veracruz, Ver.- Antonio del R. A., exdirigente del PRD y actualmente preso en el Penalito de Playa Linda, enfrenta ahora una segunda orden de aprehensi\u00f3n, esta vez por su presunta participaci\u00f3n en un secuestro ocurrido en 2020 en la colonia Las Bajadas.<\/p>\n<p>De acuerdo con la investigaci\u00f3n, el se\u00f1alado habr\u00eda interceptado a H. L. S. cuando \u00e9ste acud\u00eda a entregar unas computadoras.<\/p>\n<p>Un testigo declar\u00f3 que al salir de una tienda vio c\u00f3mo el pol\u00edtico somet\u00eda a la v\u00edctima con un arma de fuego, con la que incluso lo golpe\u00f3 en la cabeza.<\/p>\n<p>El agraviado asegur\u00f3 que fue obligado a subir a una camioneta, donde permaneci\u00f3 bajo amenazas mientras el presunto agresor lo llevaba por diversas calles mientras el exdirigente se comunic\u00f3 con su familia para exigir dinero a cambio de su liberaci\u00f3n.<\/p>\n<p>La v\u00edctima relat\u00f3 que, al percatarse de que la situaci\u00f3n se complicaba, el acusado opt\u00f3 por dejarlo ir.<\/p>\n<p>Cabe recordar que Antonio del R. A. ya se encontraba recluido desde meses atr\u00e1s por otro proceso penal, luego de ser se\u00f1alado por homicidio en grado de tentativa y amenazas contra sus propios vecinos, a quienes habr\u00eda apuntado con un arma de fuego cargada.<\/p>\n","protected":false},"excerpt":{"rendered":"<p>Alejandro \u00c1vila Veracruz, Ver.- Antonio del R. A., exdirigente del PRD y actualmente preso en el Penalito de Playa Linda, enfrenta ahora una segunda orden de aprehensi\u00f3n, esta vez por su presunta participaci\u00f3n en un secuestro ocurrido en 2020 en la colonia Las Bajadas. De acuerdo con la investigaci\u00f3n, el se\u00f1alado habr\u00eda interceptado a H. [&hellip;]<\/p>\n","protected":false},"author":2476,"featured_media":73464,"comment_status":"open","ping_status":"open","sticky":false,"template":"","format":"standard","meta":{"_jetpack_memberships_contains_paid_content":false,"footnotes":""},"categories":[2],"tags":[],"class_list":["post-73463","post","type-post","status-publish","format-standard","has-post-thumbnail","hentry","category-estado"],"jetpack_featured_media_url":"https:\/\/encuentroinformativo.com.mx\/wp-content\/uploads\/2025\/12\/IMG-20251211-WA0139.jpg","jetpack_sharing_enabled":true,"jetpack_likes_enabled":true,"amp_enabled":true,"_links":{"self":[{"href":"https:\/\/encuentroinformativo.com.mx\/index.php?rest_route=\/wp\/v2\/posts\/73463","targetHints":{"allow":["GET"]}}],"collection":[{"href":"https:\/\/encuentroinformativo.com.mx\/index.php?rest_route=\/wp\/v2\/posts"}],"about":[{"href":"https:\/\/encuentroinformativo.com.mx\/index.php?rest_route=\/wp\/v2\/types\/post"}],"author":[{"embeddable":true,"href":"https:\/\/encuentroinformativo.com.mx\/index.php?rest_route=\/wp\/v2\/users\/2476"}],"replies":[{"embeddable":true,"href":"https:\/\/encuentroinformativo.com.mx\/index.php?rest_route=%2Fwp%2Fv2%2Fcomments&post=73463"}],"version-history":[{"count":1,"href":"https:\/\/encuentroinformativo.com.mx\/index.php?rest_route=\/wp\/v2\/posts\/73463\/revisions"}],"predecessor-version":[{"id":73465,"href":"https:\/\/encuentroinformativo.com.mx\/index.php?rest_route=\/wp\/v2\/posts\/73463\/revisions\/73465"}],"wp:featuredmedia":[{"embeddable":true,"href":"https:\/\/encuentroinformativo.com.mx\/index.php?rest_route=\/wp\/v2\/media\/73464"}],"wp:attachment":[{"href":"https:\/\/encuentroinformativo.com.mx\/index.php?rest_route=%2Fwp%2Fv2%2Fmedia&parent=73463"}],"wp:term":[{"taxonomy":"category","embeddable":true,"href":"https:\/\/encuentroinformativo.com.mx\/index.php?rest_route=%2Fwp%2Fv2%2Fcategories&post=73463"},{"taxonomy":"post_tag","embeddable":true,"href":"https:\/\/encuentroinformativo.com.mx\/index.php?rest_route=%2Fwp%2Fv2%2Ftags&post=73463"}],"curies":[{"name":"wp","href":"https:\/\/api.w.org\/{rel}","templated":true}]}}