{"id":73466,"date":"2025-12-11T13:38:46","date_gmt":"2025-12-11T19:38:46","guid":{"rendered":"https:\/\/encuentroinformativo.com.mx\/?p=73466"},"modified":"2025-12-11T13:38:46","modified_gmt":"2025-12-11T19:38:46","slug":"renuncia-cesar-muniz-a-la-asociacion-de-hoteles-de-veracruz","status":"publish","type":"post","link":"https:\/\/encuentroinformativo.com.mx\/?p=73466","title":{"rendered":"Renuncia C\u00e9sar Mu\u00f1iz a la Asociaci\u00f3n de Hoteles de Veracruz"},"content":{"rendered":"<p><strong>Alejandro \u00c1vila<\/strong><\/p>\n<p>Veracruz, Ver.- El empresario, C\u00e9sar Mu\u00f1iz Cuervo, renunci\u00f3 a la presidencia de la Asociaci\u00f3n de Hoteles y Moteles de Veracruz Boca del R\u00edo.<\/p>\n<p>Durante la \u00faltima reuni\u00f3n de agremiados de la Asociaci\u00f3n con motivo del cierre del ciclo 2025, el empresario hotelero dio a conocer que se separar\u00e1 del cargo; se menciona que en 2026 fungir\u00e1 como director de \u00e1rea en el municipio de Boca del R\u00edo.<\/p>\n<p>C\u00e9sar Mu\u00f1iz no terminar\u00e1 su segundo ciclo al mando de la Asociaci\u00f3n de Hoteles y Moteles de Veracruz &#8211; Boca del R\u00edo, seg\u00fan el organigrama qui\u00e9n asumir\u00e1 temporalmente el mando ser\u00e1 el vicepresidente.<\/p>\n<p>Este \u00faltimo tendr\u00e1 la encomienda de revisar como dej\u00f3 las finanzas el presidente saliente, al tiempo que debe convocar a una nueva reuni\u00f3n, posiblemente en el mes de enero, para que los agremiados definan planillas y fecha para la elecci\u00f3n del pr\u00f3ximo presidente.<\/p>\n","protected":false},"excerpt":{"rendered":"<p>Alejandro \u00c1vila Veracruz, Ver.- El empresario, C\u00e9sar Mu\u00f1iz Cuervo, renunci\u00f3 a la presidencia de la Asociaci\u00f3n de Hoteles y Moteles de Veracruz Boca del R\u00edo. Durante la \u00faltima reuni\u00f3n de agremiados de la Asociaci\u00f3n con motivo del cierre del ciclo 2025, el empresario hotelero dio a conocer que se separar\u00e1 del cargo; se menciona que [&hellip;]<\/p>\n","protected":false},"author":2476,"featured_media":73467,"comment_status":"open","ping_status":"open","sticky":false,"template":"","format":"standard","meta":{"_jetpack_memberships_contains_paid_content":false,"footnotes":""},"categories":[2],"tags":[],"class_list":["post-73466","post","type-post","status-publish","format-standard","has-post-thumbnail","hentry","category-estado"],"jetpack_featured_media_url":"https:\/\/encuentroinformativo.com.mx\/wp-content\/uploads\/2025\/12\/IMG-20251211-WA01722.jpg","jetpack_sharing_enabled":true,"jetpack_likes_enabled":true,"amp_enabled":true,"_links":{"self":[{"href":"https:\/\/encuentroinformativo.com.mx\/index.php?rest_route=\/wp\/v2\/posts\/73466","targetHints":{"allow":["GET"]}}],"collection":[{"href":"https:\/\/encuentroinformativo.com.mx\/index.php?rest_route=\/wp\/v2\/posts"}],"about":[{"href":"https:\/\/encuentroinformativo.com.mx\/index.php?rest_route=\/wp\/v2\/types\/post"}],"author":[{"embeddable":true,"href":"https:\/\/encuentroinformativo.com.mx\/index.php?rest_route=\/wp\/v2\/users\/2476"}],"replies":[{"embeddable":true,"href":"https:\/\/encuentroinformativo.com.mx\/index.php?rest_route=%2Fwp%2Fv2%2Fcomments&post=73466"}],"version-history":[{"count":1,"href":"https:\/\/encuentroinformativo.com.mx\/index.php?rest_route=\/wp\/v2\/posts\/73466\/revisions"}],"predecessor-version":[{"id":73468,"href":"https:\/\/encuentroinformativo.com.mx\/index.php?rest_route=\/wp\/v2\/posts\/73466\/revisions\/73468"}],"wp:featuredmedia":[{"embeddable":true,"href":"https:\/\/encuentroinformativo.com.mx\/index.php?rest_route=\/wp\/v2\/media\/73467"}],"wp:attachment":[{"href":"https:\/\/encuentroinformativo.com.mx\/index.php?rest_route=%2Fwp%2Fv2%2Fmedia&parent=73466"}],"wp:term":[{"taxonomy":"category","embeddable":true,"href":"https:\/\/encuentroinformativo.com.mx\/index.php?rest_route=%2Fwp%2Fv2%2Fcategories&post=73466"},{"taxonomy":"post_tag","embeddable":true,"href":"https:\/\/encuentroinformativo.com.mx\/index.php?rest_route=%2Fwp%2Fv2%2Ftags&post=73466"}],"curies":[{"name":"wp","href":"https:\/\/api.w.org\/{rel}","templated":true}]}}