{"id":73473,"date":"2025-12-11T15:21:15","date_gmt":"2025-12-11T21:21:15","guid":{"rendered":"https:\/\/encuentroinformativo.com.mx\/?p=73473"},"modified":"2025-12-11T15:21:15","modified_gmt":"2025-12-11T21:21:15","slug":"necesario-impulsar-alfabetizacion-digital-comunitaria-angela-olazaran","status":"publish","type":"post","link":"https:\/\/encuentroinformativo.com.mx\/?p=73473","title":{"rendered":"Necesario impulsar alfabetizaci\u00f3n digital comunitaria: \u00c1ngela Olazar\u00e1n"},"content":{"rendered":"<p><strong>Dar\u00edo Pale<\/strong><\/p>\n<p>Xalapa, Ver.- Como parte de las actividades de los 16 d\u00edas de activismo contra la violencia hacia las mujeres, la joven veracruzana \u00c1ngela Olazar\u00e1n Laureano particip\u00f3 este jueves en una conferencia en la que comparti\u00f3 su experiencia y su labor reciente en temas de tecnolog\u00eda, derechos humanos y reducci\u00f3n de desigualdades digitales.<\/p>\n<p>Olazar\u00e1n imparti\u00f3 la ponencia titulada \u201cLas Tecnolog\u00edas de la Informaci\u00f3n como Derecho Humano\u201d, donde expuso no s\u00f3lo su perspectiva personal, sino tambi\u00e9n la propuesta legislativa que present\u00f3 durante el Parlamento de la Juventud, realizado el pasado 5 de diciembre en el Congreso del Estado, donde form\u00f3 parte de la Comisi\u00f3n de Derechos Humanos y Atenci\u00f3n de Grupos Vulnerables.<\/p>\n<p>En su intervenci\u00f3n, explic\u00f3 que su iniciativa legislativa busca impulsar un programa de alfabetizaci\u00f3n digital comunitaria, en el que j\u00f3venes voluntarios ense\u00f1en a personas de zonas rurales y grupos socialmente excluidos habilidades tecnol\u00f3gicas b\u00e1sicas.<\/p>\n<p>Entre los conocimientos que propone acercar a la poblaci\u00f3n est\u00e1n:<\/p>\n<p>Descargar documentos oficiales como la CURP<\/p>\n<p>Registrarse en programas gubernamentales<\/p>\n<p>Crear y manejar un correo electr\u00f3nico<\/p>\n<p>Uso elemental de dispositivos digitales<\/p>\n<p>Olazar\u00e1n destac\u00f3 que, aunque las juventudes nacen en un entorno digital, existe una parte importante de la poblaci\u00f3n \u2014adultos mayores, ni\u00f1as, ni\u00f1os y j\u00f3venes\u2014 que carecen de estas habilidades, lo que profundiza desigualdades sociales.<\/p>\n<p>Como incentivo al voluntariado, plantea que las y los j\u00f3venes puedan acreditar estas actividades como servicio social, pr\u00e1cticas profesionales o recibir una microcredencial como facilitadores digitales.<\/p>\n<p style=\"text-align: center;\"><strong>Violencias y brechas que enfrentan las mujeres j\u00f3venes<\/strong><\/p>\n<p>Respecto a la agenda de los 16 d\u00edas de activismo, Olazar\u00e1n se\u00f1al\u00f3 que las mujeres contin\u00faan enfrentando diversas violencias y desigualdades, de las cuales mencion\u00f3 tres especialmente visibles:<\/p>\n<p>1. Brechas salariales que mantienen condiciones laborales desiguales.<\/p>\n<p>2. Techos de cristal que dificultan el acceso a cargos de liderazgo o ascenso profesional.<\/p>\n<p>3. Estigmas y estereotipos en \u00e1reas STEM, especialmente en ingenier\u00eda, donde persisten comentarios que desalientan a las j\u00f3venes.<\/p>\n<p>Relat\u00f3 que muchas mujeres son cuestionadas cuando aspiran a carreras t\u00e9cnicas o cient\u00edficas, enfrentando comentarios como \u201c\u00bfest\u00e1s segura?, esas \u00e1reas son muy pesadas\u201d, lo cual constituye una forma de violencia que no siempre es f\u00edsica, pero s\u00ed verbal, simb\u00f3lica y estructural.<\/p>\n<p>\u201cQueremos resolver estas brechas inspirando, siendo referentes y demostrando a las ni\u00f1as y j\u00f3venes que s\u00ed es posible ser ingeniera, cient\u00edfica, doctora, pol\u00edtica o lo que queramos ser. Nuestro valor y fortaleza son fundamentales\u201d, afirm\u00f3.<\/p>\n<p>Participaci\u00f3n y compromiso juvenil<\/p>\n<p>Por \u00faltimo \u00c1ngela Olazar\u00e1n agradeci\u00f3 la oportunidad de compartir con otras juventudes en este espacio y reiter\u00f3 que la construcci\u00f3n de un estado m\u00e1s igualitario requiere que las y los j\u00f3venes asuman un papel activo en la lucha contra la violencia y en la democratizaci\u00f3n del acceso a la tecnolog\u00eda.<\/p>\n","protected":false},"excerpt":{"rendered":"<p>Dar\u00edo Pale Xalapa, Ver.- Como parte de las actividades de los 16 d\u00edas de activismo contra la violencia hacia las mujeres, la joven veracruzana \u00c1ngela Olazar\u00e1n Laureano particip\u00f3 este jueves en una conferencia en la que comparti\u00f3 su experiencia y su labor reciente en temas de tecnolog\u00eda, derechos humanos y reducci\u00f3n de desigualdades digitales. Olazar\u00e1n [&hellip;]<\/p>\n","protected":false},"author":2476,"featured_media":73474,"comment_status":"open","ping_status":"open","sticky":false,"template":"","format":"standard","meta":{"_jetpack_memberships_contains_paid_content":false,"footnotes":""},"categories":[2],"tags":[],"class_list":["post-73473","post","type-post","status-publish","format-standard","has-post-thumbnail","hentry","category-estado"],"jetpack_featured_media_url":"https:\/\/encuentroinformativo.com.mx\/wp-content\/uploads\/2025\/12\/IMG-20251211-WA01742.jpg","jetpack_sharing_enabled":true,"jetpack_likes_enabled":true,"amp_enabled":true,"_links":{"self":[{"href":"https:\/\/encuentroinformativo.com.mx\/index.php?rest_route=\/wp\/v2\/posts\/73473","targetHints":{"allow":["GET"]}}],"collection":[{"href":"https:\/\/encuentroinformativo.com.mx\/index.php?rest_route=\/wp\/v2\/posts"}],"about":[{"href":"https:\/\/encuentroinformativo.com.mx\/index.php?rest_route=\/wp\/v2\/types\/post"}],"author":[{"embeddable":true,"href":"https:\/\/encuentroinformativo.com.mx\/index.php?rest_route=\/wp\/v2\/users\/2476"}],"replies":[{"embeddable":true,"href":"https:\/\/encuentroinformativo.com.mx\/index.php?rest_route=%2Fwp%2Fv2%2Fcomments&post=73473"}],"version-history":[{"count":1,"href":"https:\/\/encuentroinformativo.com.mx\/index.php?rest_route=\/wp\/v2\/posts\/73473\/revisions"}],"predecessor-version":[{"id":73475,"href":"https:\/\/encuentroinformativo.com.mx\/index.php?rest_route=\/wp\/v2\/posts\/73473\/revisions\/73475"}],"wp:featuredmedia":[{"embeddable":true,"href":"https:\/\/encuentroinformativo.com.mx\/index.php?rest_route=\/wp\/v2\/media\/73474"}],"wp:attachment":[{"href":"https:\/\/encuentroinformativo.com.mx\/index.php?rest_route=%2Fwp%2Fv2%2Fmedia&parent=73473"}],"wp:term":[{"taxonomy":"category","embeddable":true,"href":"https:\/\/encuentroinformativo.com.mx\/index.php?rest_route=%2Fwp%2Fv2%2Fcategories&post=73473"},{"taxonomy":"post_tag","embeddable":true,"href":"https:\/\/encuentroinformativo.com.mx\/index.php?rest_route=%2Fwp%2Fv2%2Ftags&post=73473"}],"curies":[{"name":"wp","href":"https:\/\/api.w.org\/{rel}","templated":true}]}}