{"id":73476,"date":"2025-12-11T15:43:59","date_gmt":"2025-12-11T21:43:59","guid":{"rendered":"https:\/\/encuentroinformativo.com.mx\/?p=73476"},"modified":"2025-12-11T15:43:59","modified_gmt":"2025-12-11T21:43:59","slug":"alistan-cambios-en-dirigencia-del-pri-asumirian-lorena-pinon-y-ponciano-vazquez","status":"publish","type":"post","link":"https:\/\/encuentroinformativo.com.mx\/?p=73476","title":{"rendered":"Alistan cambios en dirigencia del PRI, asumir\u00edan Lorena Pi\u00f1\u00f3n y Ponciano V\u00e1zquez"},"content":{"rendered":"<p><strong>Alejandro \u00c1vila<\/strong><\/p>\n<p>Veracruz, Ver.- Este jueves por la noche se llevar\u00e1 a cabo una Sesi\u00f3n Extraordinaria de la Comisi\u00f3n Pol\u00edtica Permanente del Consejo Pol\u00edtico Estatal, donde se definir\u00e1 la ruta para la renovaci\u00f3n de la dirigencia, fuertes trascendidos dentro del Partido Revolucionario Institucional (PRI) en Veracruz apuntan a que ya hay acuerdo para la pr\u00f3xima f\u00f3rmula que encabezar\u00e1 el Comit\u00e9 Directivo Estatal (CDE).<\/p>\n<p>Seg\u00fan fuentes consultadas al interior del partido, se espera que Lorena Pi\u00f1\u00f3n Rivera, actual secretaria general, sea quien asuma la Presidencia del CDE; la acompa\u00f1ar\u00eda en la f\u00f3rmula el pol\u00edtico del sur, Ponciano V\u00e1zquez Parissi, quien ocupar\u00eda la Secretar\u00eda General del partido para el periodo estatutario 2025-2029.<\/p>\n<p>La noche de este jueves la Comisi\u00f3n Pol\u00edtica Permanente del Consejo Pol\u00edtico Estatal determinar\u00e1 el m\u00e9todo de elecci\u00f3n y el calendario, el trascendido sugiere que esta dupla cuenta con el respaldo necesario para encabezar los trabajos del PRI en el estado y podr\u00eda ser la \u00fanica que se registre o bien, la elegida en el proceso interno.<\/p>\n<p>La Sesi\u00f3n de este jueves, encabezada por Adolfo Ram\u00edrez Arana y la propia Pi\u00f1\u00f3n Rivera, dar\u00e1 inicio al proceso de renovaci\u00f3n estatutaria. De confirmarse la f\u00f3rmula Pi\u00f1\u00f3n &#8211; V\u00e1zquez, marcar\u00eda un cambio en el liderazgo del priismo veracruzano.<\/p>\n<p>Se espera que en los pr\u00f3ximos d\u00edas se emita la convocatoria y los registros correspondientes para confirmar si estos nombres finalmente contender\u00e1n y asumir\u00e1n la dirigencia del partido.<\/p>\n","protected":false},"excerpt":{"rendered":"<p>Alejandro \u00c1vila Veracruz, Ver.- Este jueves por la noche se llevar\u00e1 a cabo una Sesi\u00f3n Extraordinaria de la Comisi\u00f3n Pol\u00edtica Permanente del Consejo Pol\u00edtico Estatal, donde se definir\u00e1 la ruta para la renovaci\u00f3n de la dirigencia, fuertes trascendidos dentro del Partido Revolucionario Institucional (PRI) en Veracruz apuntan a que ya hay acuerdo para la pr\u00f3xima [&hellip;]<\/p>\n","protected":false},"author":2476,"featured_media":73479,"comment_status":"open","ping_status":"open","sticky":false,"template":"","format":"standard","meta":{"_jetpack_memberships_contains_paid_content":false,"footnotes":""},"categories":[2],"tags":[],"class_list":["post-73476","post","type-post","status-publish","format-standard","has-post-thumbnail","hentry","category-estado"],"jetpack_featured_media_url":"https:\/\/encuentroinformativo.com.mx\/wp-content\/uploads\/2025\/12\/IMG-20251211-WA02723.jpg","jetpack_sharing_enabled":true,"jetpack_likes_enabled":true,"amp_enabled":true,"_links":{"self":[{"href":"https:\/\/encuentroinformativo.com.mx\/index.php?rest_route=\/wp\/v2\/posts\/73476","targetHints":{"allow":["GET"]}}],"collection":[{"href":"https:\/\/encuentroinformativo.com.mx\/index.php?rest_route=\/wp\/v2\/posts"}],"about":[{"href":"https:\/\/encuentroinformativo.com.mx\/index.php?rest_route=\/wp\/v2\/types\/post"}],"author":[{"embeddable":true,"href":"https:\/\/encuentroinformativo.com.mx\/index.php?rest_route=\/wp\/v2\/users\/2476"}],"replies":[{"embeddable":true,"href":"https:\/\/encuentroinformativo.com.mx\/index.php?rest_route=%2Fwp%2Fv2%2Fcomments&post=73476"}],"version-history":[{"count":1,"href":"https:\/\/encuentroinformativo.com.mx\/index.php?rest_route=\/wp\/v2\/posts\/73476\/revisions"}],"predecessor-version":[{"id":73478,"href":"https:\/\/encuentroinformativo.com.mx\/index.php?rest_route=\/wp\/v2\/posts\/73476\/revisions\/73478"}],"wp:featuredmedia":[{"embeddable":true,"href":"https:\/\/encuentroinformativo.com.mx\/index.php?rest_route=\/wp\/v2\/media\/73479"}],"wp:attachment":[{"href":"https:\/\/encuentroinformativo.com.mx\/index.php?rest_route=%2Fwp%2Fv2%2Fmedia&parent=73476"}],"wp:term":[{"taxonomy":"category","embeddable":true,"href":"https:\/\/encuentroinformativo.com.mx\/index.php?rest_route=%2Fwp%2Fv2%2Fcategories&post=73476"},{"taxonomy":"post_tag","embeddable":true,"href":"https:\/\/encuentroinformativo.com.mx\/index.php?rest_route=%2Fwp%2Fv2%2Ftags&post=73476"}],"curies":[{"name":"wp","href":"https:\/\/api.w.org\/{rel}","templated":true}]}}