{"id":73480,"date":"2025-12-11T17:46:46","date_gmt":"2025-12-11T23:46:46","guid":{"rendered":"https:\/\/encuentroinformativo.com.mx\/?p=73480"},"modified":"2025-12-11T17:46:46","modified_gmt":"2025-12-11T23:46:46","slug":"fortalece-poder-judicial-atencion-con-perspectiva-de-genero","status":"publish","type":"post","link":"https:\/\/encuentroinformativo.com.mx\/?p=73480","title":{"rendered":"Fortalece Poder Judicial atenci\u00f3n con perspectiva de g\u00e9nero"},"content":{"rendered":"<p><strong>Dar\u00edo Pale<\/strong><\/p>\n<p>Xalapa, Ver.- La magistrada presidenta del Tribunal Superior de Justicia del Estado de Veracruz (TSJEV), Rosalba Hern\u00e1ndez Hern\u00e1ndez, inform\u00f3 que el Poder Judicial trabaja intensamente en la transversalizaci\u00f3n de la perspectiva de g\u00e9nero, as\u00ed como en la atenci\u00f3n de ni\u00f1as, ni\u00f1os, mujeres y personas v\u00edctimas de violencia, en el marco del cierre de los 16 d\u00edas de activismo contra la violencia de g\u00e9nero.<\/p>\n<p>Hern\u00e1ndez Hern\u00e1ndez destac\u00f3 que el Tribunal mantiene una pol\u00edtica de puertas abiertas para la atenci\u00f3n de v\u00edctimas, y que diariamente se da seguimiento a numerosos asuntos relacionados con justicia para las mujeres.<\/p>\n<p>Afirm\u00f3 que existen m\u00faltiples casos que se est\u00e1n resolviendo y que los programas impulsados por los poderes Ejecutivo, Legislativo y Judicial contribuyen a avanzar en estos pendientes.<\/p>\n<p>Sobre la transici\u00f3n en el Poder Judicial<\/p>\n<p>La magistrada explic\u00f3 que, durante la entrega\u2013recepci\u00f3n con la anterior presidencia, se sigui\u00f3 el procedimiento establecido, mientras que la parte administrativa corresponde exclusivamente al \u00d3rgano de Administraci\u00f3n.<\/p>\n<p>En relaci\u00f3n con el reciente nombramiento de la nueva fiscal general, Hern\u00e1ndez expres\u00f3 su apoyo, \u201cle deseamos todo el \u00e9xito del mundo. Si a la Fiscal\u00eda le va bien, a todos nos va bien\u201d.<\/p>\n<p>Respecto a las declaraciones de la fiscal sobre audiencias retrasadas y \u00f3rdenes de aprehensi\u00f3n pendientes, la magistrada presidenta reconoci\u00f3 que este tema s\u00ed involucra al Poder Judicial.<\/p>\n<p>\u201cNos involucra no solo a nosotros, tambi\u00e9n a la defensa p\u00fablica y privada. En una audiencia deben estar presentes todas las partes\u201d.<\/p>\n<p>Se\u00f1al\u00f3 que las causas del rezago pueden ser diversas y que se encuentran revisando la situaci\u00f3n.<\/p>\n<p>Se\u00f1alamientos de jueces vinculados a despojos y c\u00e1rtel inmobiliario<\/p>\n<p>Cuestionada sobre el anuncio de la gobernadora, quien indic\u00f3 que solicitar\u00e1 la lista de jueces presuntamente involucrados en despojos de propiedades y en un supuesto c\u00e1rtel inmobiliario, Hern\u00e1ndez explic\u00f3 que: La revisi\u00f3n de estos casos corresponde inicialmente a los jueces y juezas que diariamente atienden los asuntos.<\/p>\n<p>El Poder Judicial no interviene en tr\u00e1mites de cambio de propiedad cuando son realizados por particulares ante notarias o abogados.<\/p>\n<p>Si se detecta participaci\u00f3n irregular de jueces, la instancia competente para investigar y sancionar es el Tribunal de Disciplina, de acuerdo con la ley.<\/p>\n<p>La magistrada recalc\u00f3 que cualquier juez se\u00f1alado debe tener garantizado un debido proceso, como cualquier ciudadano.<\/p>\n<p>Sobre la posibilidad de que estos jueces pierdan el cargo, puntualiz\u00f3 que, conforme a la legislaci\u00f3n vigente, en casos de servidores p\u00fablicos electos por el Congreso, es dicho Poder quien tendr\u00eda la \u00faltima palabra.<\/p>\n<p>\u00bfExisten quejas formales?<\/p>\n<p>La magistrada Hern\u00e1ndez Hern\u00e1ndez sostuvo que, hasta el momento, el Tribunal no ha recibido denuncias directas sobre jueces vinculados a despojos. Enfatiz\u00f3 que existe un \u00f3rgano espec\u00edfico encargado de recibir dichas quejas.<\/p>\n<p>La magistrada concluy\u00f3 agradeciendo el inter\u00e9s de los medios y reiter\u00f3 que el Poder Judicial seguir\u00e1 trabajando para garantizar justicia con perspectiva de g\u00e9nero y fortalecer la confianza de la ciudadan\u00eda.<\/p>\n","protected":false},"excerpt":{"rendered":"<p>Dar\u00edo Pale Xalapa, Ver.- La magistrada presidenta del Tribunal Superior de Justicia del Estado de Veracruz (TSJEV), Rosalba Hern\u00e1ndez Hern\u00e1ndez, inform\u00f3 que el Poder Judicial trabaja intensamente en la transversalizaci\u00f3n de la perspectiva de g\u00e9nero, as\u00ed como en la atenci\u00f3n de ni\u00f1as, ni\u00f1os, mujeres y personas v\u00edctimas de violencia, en el marco del cierre de [&hellip;]<\/p>\n","protected":false},"author":2476,"featured_media":73481,"comment_status":"open","ping_status":"open","sticky":false,"template":"","format":"standard","meta":{"_jetpack_memberships_contains_paid_content":false,"footnotes":""},"categories":[2],"tags":[],"class_list":["post-73480","post","type-post","status-publish","format-standard","has-post-thumbnail","hentry","category-estado"],"jetpack_featured_media_url":"https:\/\/encuentroinformativo.com.mx\/wp-content\/uploads\/2025\/12\/IMG-20251211-WA0230.jpg","jetpack_sharing_enabled":true,"jetpack_likes_enabled":true,"amp_enabled":true,"_links":{"self":[{"href":"https:\/\/encuentroinformativo.com.mx\/index.php?rest_route=\/wp\/v2\/posts\/73480","targetHints":{"allow":["GET"]}}],"collection":[{"href":"https:\/\/encuentroinformativo.com.mx\/index.php?rest_route=\/wp\/v2\/posts"}],"about":[{"href":"https:\/\/encuentroinformativo.com.mx\/index.php?rest_route=\/wp\/v2\/types\/post"}],"author":[{"embeddable":true,"href":"https:\/\/encuentroinformativo.com.mx\/index.php?rest_route=\/wp\/v2\/users\/2476"}],"replies":[{"embeddable":true,"href":"https:\/\/encuentroinformativo.com.mx\/index.php?rest_route=%2Fwp%2Fv2%2Fcomments&post=73480"}],"version-history":[{"count":1,"href":"https:\/\/encuentroinformativo.com.mx\/index.php?rest_route=\/wp\/v2\/posts\/73480\/revisions"}],"predecessor-version":[{"id":73482,"href":"https:\/\/encuentroinformativo.com.mx\/index.php?rest_route=\/wp\/v2\/posts\/73480\/revisions\/73482"}],"wp:featuredmedia":[{"embeddable":true,"href":"https:\/\/encuentroinformativo.com.mx\/index.php?rest_route=\/wp\/v2\/media\/73481"}],"wp:attachment":[{"href":"https:\/\/encuentroinformativo.com.mx\/index.php?rest_route=%2Fwp%2Fv2%2Fmedia&parent=73480"}],"wp:term":[{"taxonomy":"category","embeddable":true,"href":"https:\/\/encuentroinformativo.com.mx\/index.php?rest_route=%2Fwp%2Fv2%2Fcategories&post=73480"},{"taxonomy":"post_tag","embeddable":true,"href":"https:\/\/encuentroinformativo.com.mx\/index.php?rest_route=%2Fwp%2Fv2%2Ftags&post=73480"}],"curies":[{"name":"wp","href":"https:\/\/api.w.org\/{rel}","templated":true}]}}