{"id":7349,"date":"2020-10-26T12:39:51","date_gmt":"2020-10-26T18:39:51","guid":{"rendered":"https:\/\/encuentroinformativo.com.mx\/?p=7349"},"modified":"2020-10-26T12:39:54","modified_gmt":"2020-10-26T18:39:54","slug":"por-suspension-de-fiestas-perdera-naolinco-2-millones-de-pesos-por-derrama-economica","status":"publish","type":"post","link":"https:\/\/encuentroinformativo.com.mx\/?p=7349","title":{"rendered":"Por suspensi\u00f3n de fiestas, perder\u00e1 Naolinco 2 millones de pesos por derrama econ\u00f3mica"},"content":{"rendered":"\n<p><strong>Dar\u00edo Pale <\/strong><\/p>\n\n\n\n<p>Xalapa, Ver.- El\u00a0director de Turismo de Naolinco Arturo Escobar Tapia, dio a conocer que debido\u00a0a la suspensi\u00f3n de La Cantada por la pandemia, dejar\u00e1 de percibir aproximadamente 2 millones de pesos, ya que en esta ocasi\u00f3n ser\u00e1 de manera virtual.<\/p>\n\n\n\n<p>En conferencia de prensa realizada en conocido caf\u00e9 del centro de Xalapa, se\u00f1al\u00f3 que debido a que a\u00fan contin\u00faa latente un rebrote de la pandemia en varios puntos del estado acordaron suspendes la tradicional &#8220;Cantada&#8221;, por lo que entre\u00a0uno a dos millones de pesos dejar\u00e1 de percibir el municipio de Naolinco y sus alrededores, y en esta ocasi\u00f3n la celebraci\u00f3n se realizar\u00e1 de manera virtual para evitar la aglomeraci\u00f3n de personas.<\/p>\n\n\n\n<p>Acompa\u00f1ado de Niza Rend\u00f3n organizadora del Festival Cultural \u201cLos fantasmas de la cantadas inform\u00f3 que del 30 de octubre al 2 de noviembre se realizar\u00e1n diversas actividades como son talleres, mesas de discusi\u00f3n y escenificaci\u00f3n de leyendas las cuales ser\u00e1n transmitidas a trav\u00e9s de redes sociales.<\/p>\n\n\n\n<p>Escobar Tapia explic\u00f3 que en esta ocasi\u00f3n la tradicional cantada ser\u00e1 transmitida v\u00eda internet debido a que el pante\u00f3n estar\u00e1 cerrado.<\/p>\n\n\n\n<p>\u201cEs una forma de mermar las aglomeraciones considerando que el pante\u00f3n es uno de los m\u00e1s visitados en estas fechas\u201d, se\u00f1al\u00f3.<\/p>\n\n\n\n<p>Finalmente dio a conocer que tampoco se har\u00e1 la muestra de catrinas que coloca la Casa de Cultura, ni el altar tradicional que se instala abajo de palacio municipal, ni las visitas guiadas al cementerio ni la catrina monumental.<\/p>\n","protected":false},"excerpt":{"rendered":"<p>Dar\u00edo Pale Xalapa, Ver.- El\u00a0director de Turismo de Naolinco Arturo Escobar Tapia, dio a conocer que debido\u00a0a la suspensi\u00f3n de La Cantada por la pandemia, dejar\u00e1 de percibir aproximadamente 2 millones de pesos, ya que en esta ocasi\u00f3n ser\u00e1 de manera virtual. En conferencia de prensa realizada en conocido caf\u00e9 del centro de Xalapa, se\u00f1al\u00f3 [&hellip;]<\/p>\n","protected":false},"author":1,"featured_media":7350,"comment_status":"open","ping_status":"open","sticky":false,"template":"","format":"standard","meta":{"_jetpack_memberships_contains_paid_content":false,"footnotes":""},"categories":[8],"tags":[],"class_list":["post-7349","post","type-post","status-publish","format-standard","has-post-thumbnail","hentry","category-region"],"jetpack_featured_media_url":"https:\/\/encuentroinformativo.com.mx\/wp-content\/uploads\/2020\/10\/B6ACD9CD-DE99-42CE-B23E-471308DA35CF.jpeg","jetpack_sharing_enabled":true,"jetpack_likes_enabled":true,"amp_enabled":true,"_links":{"self":[{"href":"https:\/\/encuentroinformativo.com.mx\/index.php?rest_route=\/wp\/v2\/posts\/7349","targetHints":{"allow":["GET"]}}],"collection":[{"href":"https:\/\/encuentroinformativo.com.mx\/index.php?rest_route=\/wp\/v2\/posts"}],"about":[{"href":"https:\/\/encuentroinformativo.com.mx\/index.php?rest_route=\/wp\/v2\/types\/post"}],"author":[{"embeddable":true,"href":"https:\/\/encuentroinformativo.com.mx\/index.php?rest_route=\/wp\/v2\/users\/1"}],"replies":[{"embeddable":true,"href":"https:\/\/encuentroinformativo.com.mx\/index.php?rest_route=%2Fwp%2Fv2%2Fcomments&post=7349"}],"version-history":[{"count":1,"href":"https:\/\/encuentroinformativo.com.mx\/index.php?rest_route=\/wp\/v2\/posts\/7349\/revisions"}],"predecessor-version":[{"id":7351,"href":"https:\/\/encuentroinformativo.com.mx\/index.php?rest_route=\/wp\/v2\/posts\/7349\/revisions\/7351"}],"wp:featuredmedia":[{"embeddable":true,"href":"https:\/\/encuentroinformativo.com.mx\/index.php?rest_route=\/wp\/v2\/media\/7350"}],"wp:attachment":[{"href":"https:\/\/encuentroinformativo.com.mx\/index.php?rest_route=%2Fwp%2Fv2%2Fmedia&parent=7349"}],"wp:term":[{"taxonomy":"category","embeddable":true,"href":"https:\/\/encuentroinformativo.com.mx\/index.php?rest_route=%2Fwp%2Fv2%2Fcategories&post=7349"},{"taxonomy":"post_tag","embeddable":true,"href":"https:\/\/encuentroinformativo.com.mx\/index.php?rest_route=%2Fwp%2Fv2%2Ftags&post=7349"}],"curies":[{"name":"wp","href":"https:\/\/api.w.org\/{rel}","templated":true}]}}