{"id":73503,"date":"2025-12-12T14:34:59","date_gmt":"2025-12-12T20:34:59","guid":{"rendered":"https:\/\/encuentroinformativo.com.mx\/?p=73503"},"modified":"2025-12-12T14:34:59","modified_gmt":"2025-12-12T20:34:59","slug":"el-reguetonero-yandel-trae-a-veracruz-su-concierto-sinfonico","status":"publish","type":"post","link":"https:\/\/encuentroinformativo.com.mx\/?p=73503","title":{"rendered":"El reguetonero Yandel trae a Veracruz su concierto sinf\u00f3nico"},"content":{"rendered":"<p><strong>Alejandro \u00c1vila<\/strong><\/p>\n<p>Veracruz, Ver.- El \u00edcono del reguet\u00f3n y ganador de m\u00faltiples premios, Yandel, anuncia la presentaci\u00f3n de su espect\u00e1culo \u201cYandel Sinf\u00f3nico\u201d, un concierto innovador donde sus \u00e9xitos m\u00e1s emblem\u00e1ticos ser\u00e1n reinterpretados junto a una orquesta en vivo, creando una experiencia musical irrepetible.<\/p>\n<p>La cita ser\u00e1 en el Auditorio Benito Ju\u00e1rez el viernes 20 de marzo.<\/p>\n<p>En este formato especial, Yandel reinventar\u00e1 temas legendarios de su carrera, tanto en solitario como parte del hist\u00f3rico d\u00fao Wisin &amp; Yandel, ofreciendo un recorrido musical que combina la fuerza urbana con la elegancia y profundidad del sonido sinf\u00f3nico.<\/p>\n<p>Este proyecto representa una nueva forma de conectar con el p\u00fablico y vivir\u00e1n una noche inolvidable.<\/p>\n<p>La producci\u00f3n del concierto contar\u00e1 con arreglos orquestales originales, una puesta en escena inmersiva y un dise\u00f1o sonoro que resaltar\u00e1 la evoluci\u00f3n art\u00edstica de Yandel, sin perder su esencia urbana.<\/p>\n<p>Los boletos estar\u00e1n disponibles a partir del lunes 15 de diciembre en Superboletos, y se prev\u00e9 una alta demanda debido a la expectativa que ha generado esta propuesta \u00fanica en el g\u00e9nero urbano.<\/p>\n","protected":false},"excerpt":{"rendered":"<p>Alejandro \u00c1vila Veracruz, Ver.- El \u00edcono del reguet\u00f3n y ganador de m\u00faltiples premios, Yandel, anuncia la presentaci\u00f3n de su espect\u00e1culo \u201cYandel Sinf\u00f3nico\u201d, un concierto innovador donde sus \u00e9xitos m\u00e1s emblem\u00e1ticos ser\u00e1n reinterpretados junto a una orquesta en vivo, creando una experiencia musical irrepetible. La cita ser\u00e1 en el Auditorio Benito Ju\u00e1rez el viernes 20 de [&hellip;]<\/p>\n","protected":false},"author":2476,"featured_media":73504,"comment_status":"open","ping_status":"open","sticky":false,"template":"","format":"standard","meta":{"_jetpack_memberships_contains_paid_content":false,"footnotes":""},"categories":[2],"tags":[],"class_list":["post-73503","post","type-post","status-publish","format-standard","has-post-thumbnail","hentry","category-estado"],"jetpack_featured_media_url":"https:\/\/encuentroinformativo.com.mx\/wp-content\/uploads\/2025\/12\/IMG-20251212-WA0110.jpg","jetpack_sharing_enabled":true,"jetpack_likes_enabled":true,"amp_enabled":true,"_links":{"self":[{"href":"https:\/\/encuentroinformativo.com.mx\/index.php?rest_route=\/wp\/v2\/posts\/73503","targetHints":{"allow":["GET"]}}],"collection":[{"href":"https:\/\/encuentroinformativo.com.mx\/index.php?rest_route=\/wp\/v2\/posts"}],"about":[{"href":"https:\/\/encuentroinformativo.com.mx\/index.php?rest_route=\/wp\/v2\/types\/post"}],"author":[{"embeddable":true,"href":"https:\/\/encuentroinformativo.com.mx\/index.php?rest_route=\/wp\/v2\/users\/2476"}],"replies":[{"embeddable":true,"href":"https:\/\/encuentroinformativo.com.mx\/index.php?rest_route=%2Fwp%2Fv2%2Fcomments&post=73503"}],"version-history":[{"count":1,"href":"https:\/\/encuentroinformativo.com.mx\/index.php?rest_route=\/wp\/v2\/posts\/73503\/revisions"}],"predecessor-version":[{"id":73505,"href":"https:\/\/encuentroinformativo.com.mx\/index.php?rest_route=\/wp\/v2\/posts\/73503\/revisions\/73505"}],"wp:featuredmedia":[{"embeddable":true,"href":"https:\/\/encuentroinformativo.com.mx\/index.php?rest_route=\/wp\/v2\/media\/73504"}],"wp:attachment":[{"href":"https:\/\/encuentroinformativo.com.mx\/index.php?rest_route=%2Fwp%2Fv2%2Fmedia&parent=73503"}],"wp:term":[{"taxonomy":"category","embeddable":true,"href":"https:\/\/encuentroinformativo.com.mx\/index.php?rest_route=%2Fwp%2Fv2%2Fcategories&post=73503"},{"taxonomy":"post_tag","embeddable":true,"href":"https:\/\/encuentroinformativo.com.mx\/index.php?rest_route=%2Fwp%2Fv2%2Ftags&post=73503"}],"curies":[{"name":"wp","href":"https:\/\/api.w.org\/{rel}","templated":true}]}}