{"id":73519,"date":"2025-12-12T18:59:53","date_gmt":"2025-12-13T00:59:53","guid":{"rendered":"https:\/\/encuentroinformativo.com.mx\/?p=73519"},"modified":"2025-12-12T18:59:53","modified_gmt":"2025-12-13T00:59:53","slug":"veracruz-reconoce-a-jovenes-en-ceremonia-de-entrega-de-cartillas","status":"publish","type":"post","link":"https:\/\/encuentroinformativo.com.mx\/?p=73519","title":{"rendered":"Veracruz reconoce a j\u00f3venes en ceremonia de entrega de cartillas"},"content":{"rendered":"<p>Perote, Ver.- En representaci\u00f3n de la gobernadora Roc\u00edo Nahle Garc\u00eda, el secretario de Gobierno, Ricardo Ahued Bardahuil, particip\u00f3 en la Ceremonia de Liberaci\u00f3n de Cartillas del Servicio Militar Nacional, dirigida a las y los conscriptos que integran el 3er Escal\u00f3n de Adiestramiento 2025, realizada en la hist\u00f3rica Fortaleza de San Carlos.<\/p>\n<p>Durante el acto protocolario, las y los j\u00f3venes recibieron el documento que acredita la culminaci\u00f3n de esta etapa de formaci\u00f3n c\u00edvica y disciplina militar, misma que fortalece el compromiso social y la responsabilidad con M\u00e9xico.<\/p>\n<p>Las autoridades reconocieron la entrega y buena conducta demostrada a lo largo de su preparaci\u00f3n, al asumir con responsabilidad el deber de servir a la patria, honrar el uniforme y demostrar que el amor por M\u00e9xico es una acci\u00f3n diaria que se refleja en el trabajo en equipo y en la convicci\u00f3n de construir un mejor pa\u00eds.<\/p>\n<p>En la ceremonia estuvieron presentes el comandante de la 26\/a Zona Militar, Miguel \u00c1ngel Rodr\u00edguez Guti\u00e9rrez; el comandante de la Primera Regi\u00f3n Naval, Ramiro Lobato Camacho; la secretaria de Protecci\u00f3n Civil, Guadalupe Osorno Maldonado; as\u00ed como autoridades municipales y familiares que acompa\u00f1aron a los j\u00f3venes conscriptos en este significativo acto.<\/p>\n","protected":false},"excerpt":{"rendered":"<p>Perote, Ver.- En representaci\u00f3n de la gobernadora Roc\u00edo Nahle Garc\u00eda, el secretario de Gobierno, Ricardo Ahued Bardahuil, particip\u00f3 en la Ceremonia de Liberaci\u00f3n de Cartillas del Servicio Militar Nacional, dirigida a las y los conscriptos que integran el 3er Escal\u00f3n de Adiestramiento 2025, realizada en la hist\u00f3rica Fortaleza de San Carlos. Durante el acto protocolario, [&hellip;]<\/p>\n","protected":false},"author":2476,"featured_media":73520,"comment_status":"open","ping_status":"open","sticky":false,"template":"","format":"standard","meta":{"_jetpack_memberships_contains_paid_content":false,"footnotes":""},"categories":[2],"tags":[],"class_list":["post-73519","post","type-post","status-publish","format-standard","has-post-thumbnail","hentry","category-estado"],"jetpack_featured_media_url":"https:\/\/encuentroinformativo.com.mx\/wp-content\/uploads\/2025\/12\/IMG-20251212-WA0285.jpg","jetpack_sharing_enabled":true,"jetpack_likes_enabled":true,"amp_enabled":true,"_links":{"self":[{"href":"https:\/\/encuentroinformativo.com.mx\/index.php?rest_route=\/wp\/v2\/posts\/73519","targetHints":{"allow":["GET"]}}],"collection":[{"href":"https:\/\/encuentroinformativo.com.mx\/index.php?rest_route=\/wp\/v2\/posts"}],"about":[{"href":"https:\/\/encuentroinformativo.com.mx\/index.php?rest_route=\/wp\/v2\/types\/post"}],"author":[{"embeddable":true,"href":"https:\/\/encuentroinformativo.com.mx\/index.php?rest_route=\/wp\/v2\/users\/2476"}],"replies":[{"embeddable":true,"href":"https:\/\/encuentroinformativo.com.mx\/index.php?rest_route=%2Fwp%2Fv2%2Fcomments&post=73519"}],"version-history":[{"count":1,"href":"https:\/\/encuentroinformativo.com.mx\/index.php?rest_route=\/wp\/v2\/posts\/73519\/revisions"}],"predecessor-version":[{"id":73521,"href":"https:\/\/encuentroinformativo.com.mx\/index.php?rest_route=\/wp\/v2\/posts\/73519\/revisions\/73521"}],"wp:featuredmedia":[{"embeddable":true,"href":"https:\/\/encuentroinformativo.com.mx\/index.php?rest_route=\/wp\/v2\/media\/73520"}],"wp:attachment":[{"href":"https:\/\/encuentroinformativo.com.mx\/index.php?rest_route=%2Fwp%2Fv2%2Fmedia&parent=73519"}],"wp:term":[{"taxonomy":"category","embeddable":true,"href":"https:\/\/encuentroinformativo.com.mx\/index.php?rest_route=%2Fwp%2Fv2%2Fcategories&post=73519"},{"taxonomy":"post_tag","embeddable":true,"href":"https:\/\/encuentroinformativo.com.mx\/index.php?rest_route=%2Fwp%2Fv2%2Ftags&post=73519"}],"curies":[{"name":"wp","href":"https:\/\/api.w.org\/{rel}","templated":true}]}}