{"id":73527,"date":"2025-12-13T19:41:11","date_gmt":"2025-12-14T01:41:11","guid":{"rendered":"https:\/\/encuentroinformativo.com.mx\/?p=73527"},"modified":"2025-12-13T19:41:11","modified_gmt":"2025-12-14T01:41:11","slug":"por-epoca-navidena-empresarios-piden-reforzar-medidas-de-seguridad","status":"publish","type":"post","link":"https:\/\/encuentroinformativo.com.mx\/?p=73527","title":{"rendered":"Por \u00e9poca navide\u00f1a, empresarios piden reforzar medidas de seguridad"},"content":{"rendered":"<p><strong>Dar\u00edo Pale<\/strong><\/p>\n<p>Xalapa, Ver.- El presidente del Consejo Empresarial Metropolitano, Bernardo Mart\u00ednez R\u00edos, inform\u00f3 que el sector empresarial concluye el a\u00f1o en un contexto complicado, marcado por variaciones econ\u00f3micas respecto al a\u00f1o anterior, nuevos impuestos, inflaci\u00f3n y el incremento al salario m\u00ednimo, factores que impactan directamente en los costos de operaci\u00f3n de las empresas.<\/p>\n<p>En entrevista, Mart\u00ednez R\u00edos se\u00f1al\u00f3 que este escenario ya se preve\u00eda desde meses atr\u00e1s, por lo que las empresas han tenido que ajustar sus proyecciones financieras y \u201cajustar velas\u201d para enfrentar el pr\u00f3ximo a\u00f1o.<\/p>\n<p>Explic\u00f3 que el aumento al salario m\u00ednimo, aunque esperado, genera un impacto generalizado en los costos empresariales, sumado a la inflaci\u00f3n que tambi\u00e9n debe considerarse en la planeaci\u00f3n econ\u00f3mica de 2026.<\/p>\n<p>A pesar de estas dificultades, el l\u00edder empresarial asegur\u00f3 que el pago de aguinaldos est\u00e1 garantizado.<\/p>\n<p>Destac\u00f3 que el empresariado ha demostrado hist\u00f3ricamente su responsabilidad con los trabajadores, incluso en momentos cr\u00edticos como la pandemia, y que nuevamente se ha hecho el esfuerzo necesario para cumplir con esta obligaci\u00f3n laboral.<\/p>\n<p>En materia de seguridad, indic\u00f3 que, como presidente del Consejo que coordina c\u00e1maras, colegios y asociaciones, no ha recibido reportes recientes sobre cobros de piso, aunque aclar\u00f3 que esto no significa que no existan.<\/p>\n<p>Subray\u00f3 que el principal llamado del sector empresarial en esta temporada decembrina es a reforzar la seguridad, debido al incremento de la movilidad y de las transacciones comerciales, as\u00ed como por la transici\u00f3n en la administraci\u00f3n municipal.<\/p>\n<p>Mart\u00ednez R\u00edos pidi\u00f3 a las autoridades municipales y estatales fortalecer los patrullajes y la coordinaci\u00f3n en materia de seguridad p\u00fablica, con el objetivo de mantener una transici\u00f3n en paz y evitar que Xalapa se convierta en un punto vulnerable para la comisi\u00f3n de delitos como robos y otros il\u00edcitos.<\/p>\n<p>Respecto a la extorsi\u00f3n, se\u00f1al\u00f3 que no se han presentado denuncias directas ante el Consejo, aunque reconoci\u00f3 que la extorsi\u00f3n telef\u00f3nica y los fraudes digitales se han sofisticado considerablemente.<\/p>\n<p>Explic\u00f3 que actualmente se registran intentos de fraude mediante clonaci\u00f3n de cuentas de WhatsApp, falsas mensajer\u00edas y solicitudes enga\u00f1osas de datos personales, por lo que llam\u00f3 a la poblaci\u00f3n a mantenerse alerta y a reforzar las campa\u00f1as de prevenci\u00f3n e informaci\u00f3n.<\/p>\n<p>Finalmente, al referirse a la pr\u00f3xima administraci\u00f3n municipal, expres\u00f3 que se espera una relaci\u00f3n de apertura y colaboraci\u00f3n con el gobierno entrante, encabezado por la licenciada Daniela Griego. Indic\u00f3 que el sector empresarial conf\u00eda en poder trabajar de manera conjunta con la iniciativa privada para impulsar la obra p\u00fablica como detonante del desarrollo econ\u00f3mico, as\u00ed como revisar pol\u00edticas que fortalezcan sectores estrat\u00e9gicos como el turismo, el comercio y la construcci\u00f3n de vivienda.<\/p>\n<p>A\u00f1adi\u00f3 que ser\u00e1 necesario un trabajo metropolitano coordinado entre municipios, especialmente en temas como la disponibilidad de agua, usos de suelo y planeaci\u00f3n urbana, con el objetivo de integrar la regi\u00f3n como un conjunto de municipios interdependientes que impulsen el desarrollo de zonas comerciales, residenciales y productivas en beneficio de toda la zona metropolitana.<\/p>\n","protected":false},"excerpt":{"rendered":"<p>Dar\u00edo Pale Xalapa, Ver.- El presidente del Consejo Empresarial Metropolitano, Bernardo Mart\u00ednez R\u00edos, inform\u00f3 que el sector empresarial concluye el a\u00f1o en un contexto complicado, marcado por variaciones econ\u00f3micas respecto al a\u00f1o anterior, nuevos impuestos, inflaci\u00f3n y el incremento al salario m\u00ednimo, factores que impactan directamente en los costos de operaci\u00f3n de las empresas. En [&hellip;]<\/p>\n","protected":false},"author":2476,"featured_media":24354,"comment_status":"open","ping_status":"open","sticky":false,"template":"","format":"standard","meta":{"_jetpack_memberships_contains_paid_content":false,"footnotes":""},"categories":[3],"tags":[],"class_list":["post-73527","post","type-post","status-publish","format-standard","has-post-thumbnail","hentry","category-xalapa"],"jetpack_featured_media_url":"https:\/\/encuentroinformativo.com.mx\/wp-content\/uploads\/2022\/03\/804E6D47-93DC-4AB0-B1EE-8D931FB5A50F.jpeg","jetpack_sharing_enabled":true,"jetpack_likes_enabled":true,"amp_enabled":true,"_links":{"self":[{"href":"https:\/\/encuentroinformativo.com.mx\/index.php?rest_route=\/wp\/v2\/posts\/73527","targetHints":{"allow":["GET"]}}],"collection":[{"href":"https:\/\/encuentroinformativo.com.mx\/index.php?rest_route=\/wp\/v2\/posts"}],"about":[{"href":"https:\/\/encuentroinformativo.com.mx\/index.php?rest_route=\/wp\/v2\/types\/post"}],"author":[{"embeddable":true,"href":"https:\/\/encuentroinformativo.com.mx\/index.php?rest_route=\/wp\/v2\/users\/2476"}],"replies":[{"embeddable":true,"href":"https:\/\/encuentroinformativo.com.mx\/index.php?rest_route=%2Fwp%2Fv2%2Fcomments&post=73527"}],"version-history":[{"count":1,"href":"https:\/\/encuentroinformativo.com.mx\/index.php?rest_route=\/wp\/v2\/posts\/73527\/revisions"}],"predecessor-version":[{"id":73528,"href":"https:\/\/encuentroinformativo.com.mx\/index.php?rest_route=\/wp\/v2\/posts\/73527\/revisions\/73528"}],"wp:featuredmedia":[{"embeddable":true,"href":"https:\/\/encuentroinformativo.com.mx\/index.php?rest_route=\/wp\/v2\/media\/24354"}],"wp:attachment":[{"href":"https:\/\/encuentroinformativo.com.mx\/index.php?rest_route=%2Fwp%2Fv2%2Fmedia&parent=73527"}],"wp:term":[{"taxonomy":"category","embeddable":true,"href":"https:\/\/encuentroinformativo.com.mx\/index.php?rest_route=%2Fwp%2Fv2%2Fcategories&post=73527"},{"taxonomy":"post_tag","embeddable":true,"href":"https:\/\/encuentroinformativo.com.mx\/index.php?rest_route=%2Fwp%2Fv2%2Ftags&post=73527"}],"curies":[{"name":"wp","href":"https:\/\/api.w.org\/{rel}","templated":true}]}}