{"id":7359,"date":"2020-10-26T13:37:27","date_gmt":"2020-10-26T19:37:27","guid":{"rendered":"https:\/\/encuentroinformativo.com.mx\/?p=7359"},"modified":"2020-10-26T13:37:30","modified_gmt":"2020-10-26T19:37:30","slug":"personas-de-talla-baja-victimas-de-discriminacion","status":"publish","type":"post","link":"https:\/\/encuentroinformativo.com.mx\/?p=7359","title":{"rendered":"Personas de talla baja, v\u00edctimas de discriminaci\u00f3n"},"content":{"rendered":"\n<p><strong>Juan Arcos <\/strong><\/p>\n\n\n\n<p>Xalapa, Ver.- Personas de talla peque\u00f1a protestaron y marcharon en el centro de la ciudad de Xalapa, para denunciar que contin\u00faan siendo v\u00edctimas de discriminaci\u00f3n y marginaci\u00f3n social.<\/p>\n\n\n\n<p>Los quejosos se concentraron sobre la calles Alfaro y Gonz\u00e1lez Ortega, para posteriormente trasladarse a Plaza Sebasti\u00e1n Lerdo de Tejada.<\/p>\n\n\n\n<p>De acuerdo con Jacob Zayas Garc\u00eda, representante de Gente Peque\u00f1a Veracruz, otro problema que es notorio en la actualidad es la falta de informaci\u00f3n entre la poblaci\u00f3n sobre el problema \u00f3seo que padecen dichas personas.<\/p>\n\n\n\n<p>El tambi\u00e9n Consejero Nacional de Gente Peque\u00f1a M\u00e9xico a\u00f1adi\u00f3 que el problema en sus huesos genera una discapacidad.<\/p>\n\n\n\n<p>\u201cQueremos hacer una peque\u00f1a marcha, para que la gente se entere de por qu\u00e9 estamos as\u00ed, que es de nacimiento, como vamos creciendo vamos enfrentando temas de salud porque es degenerativo nuestro problema \u00f3seo\u201d.<\/p>\n\n\n\n<p>El entrevistado mencion\u00f3 las personas peque\u00f1as contin\u00faan enfrentando una serie de dificultades, toda vez que el mundo est\u00e1 hecho para gente que mide un metro con 60 cent\u00edmetros.<\/p>\n\n\n\n<p>\u201cEntonces desde la ropa, hasta una silla, hasta un timbre, hasta subirse al cami\u00f3n muchos compa\u00f1eros no pueden realizarlo, tenemos que poner un banquito para poder ir al ba\u00f1o\u201d.<\/p>\n\n\n\n<p>Zayas Garc\u00eda agradeci\u00f3 al Congreso del Estado, toda vez que fue avalada oficialmente una iniciativa para establecer el D\u00eda Estatal de las Personas de Talla Baja, as\u00ed como tambi\u00e9n, que la ley los considere personas con discapacidad.<\/p>\n\n\n\n<p>La protesta se llev\u00f3 a cabo en el marco del D\u00eda Mundial de las Personas con Talla Baja, que se conmemora cada 25 de octubre.<\/p>\n","protected":false},"excerpt":{"rendered":"<p>Juan Arcos Xalapa, Ver.- Personas de talla peque\u00f1a protestaron y marcharon en el centro de la ciudad de Xalapa, para denunciar que contin\u00faan siendo v\u00edctimas de discriminaci\u00f3n y marginaci\u00f3n social. Los quejosos se concentraron sobre la calles Alfaro y Gonz\u00e1lez Ortega, para posteriormente trasladarse a Plaza Sebasti\u00e1n Lerdo de Tejada. De acuerdo con Jacob Zayas [&hellip;]<\/p>\n","protected":false},"author":1,"featured_media":7360,"comment_status":"open","ping_status":"open","sticky":false,"template":"","format":"standard","meta":{"_jetpack_memberships_contains_paid_content":false,"footnotes":""},"categories":[3],"tags":[],"class_list":["post-7359","post","type-post","status-publish","format-standard","has-post-thumbnail","hentry","category-xalapa"],"jetpack_featured_media_url":"https:\/\/encuentroinformativo.com.mx\/wp-content\/uploads\/2020\/10\/35361291-9085-4C45-AFBC-AE64F210A708.jpeg","jetpack_sharing_enabled":true,"jetpack_likes_enabled":true,"amp_enabled":true,"_links":{"self":[{"href":"https:\/\/encuentroinformativo.com.mx\/index.php?rest_route=\/wp\/v2\/posts\/7359","targetHints":{"allow":["GET"]}}],"collection":[{"href":"https:\/\/encuentroinformativo.com.mx\/index.php?rest_route=\/wp\/v2\/posts"}],"about":[{"href":"https:\/\/encuentroinformativo.com.mx\/index.php?rest_route=\/wp\/v2\/types\/post"}],"author":[{"embeddable":true,"href":"https:\/\/encuentroinformativo.com.mx\/index.php?rest_route=\/wp\/v2\/users\/1"}],"replies":[{"embeddable":true,"href":"https:\/\/encuentroinformativo.com.mx\/index.php?rest_route=%2Fwp%2Fv2%2Fcomments&post=7359"}],"version-history":[{"count":1,"href":"https:\/\/encuentroinformativo.com.mx\/index.php?rest_route=\/wp\/v2\/posts\/7359\/revisions"}],"predecessor-version":[{"id":7361,"href":"https:\/\/encuentroinformativo.com.mx\/index.php?rest_route=\/wp\/v2\/posts\/7359\/revisions\/7361"}],"wp:featuredmedia":[{"embeddable":true,"href":"https:\/\/encuentroinformativo.com.mx\/index.php?rest_route=\/wp\/v2\/media\/7360"}],"wp:attachment":[{"href":"https:\/\/encuentroinformativo.com.mx\/index.php?rest_route=%2Fwp%2Fv2%2Fmedia&parent=7359"}],"wp:term":[{"taxonomy":"category","embeddable":true,"href":"https:\/\/encuentroinformativo.com.mx\/index.php?rest_route=%2Fwp%2Fv2%2Fcategories&post=7359"},{"taxonomy":"post_tag","embeddable":true,"href":"https:\/\/encuentroinformativo.com.mx\/index.php?rest_route=%2Fwp%2Fv2%2Ftags&post=7359"}],"curies":[{"name":"wp","href":"https:\/\/api.w.org\/{rel}","templated":true}]}}