{"id":7365,"date":"2020-10-26T14:19:49","date_gmt":"2020-10-26T20:19:49","guid":{"rendered":"https:\/\/encuentroinformativo.com.mx\/?p=7365"},"modified":"2020-10-26T14:30:41","modified_gmt":"2020-10-26T20:30:41","slug":"realizan-cambios-en-estructura-de-poder-judicial","status":"publish","type":"post","link":"https:\/\/encuentroinformativo.com.mx\/?p=7365","title":{"rendered":"Realizan cambios en estructura de Poder Judicial"},"content":{"rendered":"\n<p><strong>Juan Arcos <\/strong><\/p>\n\n\n\n<p>Xalapa, Ver.- El Poder Judicial del Estado de Veracruz comenz\u00f3 una serie de cambios con la intenci\u00f3n de reestructurarlo y garantizar un mejor sistema de impartici\u00f3n de justicia en la entidad.<\/p>\n\n\n\n<p>En el oficio 011342 con fecha de este lunes 26 de octubre se informa que Isabel In\u00e9s Romero Cruz es la nueva presidenta del Poder Judicial, dejando sin efecto el nombramiento que hasta el viernes pasado ostentaba Sof\u00eda Mart\u00ednez&nbsp;Huerta al frente de esa instancia.<\/p>\n\n\n\n<p>\u201cEn t\u00e9rminos de lo dispuesto por los art\u00edculos 62 de la Constituci\u00f3n Pol\u00edtica del Estado de Veracruz y 106 de la Ley Org\u00e1nica del Poder Judicial del Estado, preside tambi\u00e9n este Consejo de la Judicatura del Poder Judicial del Estado\u201d, se lee en el oficio sobre el nombramiento que se realiz\u00f3 en sesi\u00f3n extraordinaria, celebrada el pasado viernes 23.<\/p>\n\n\n\n<p>Se trata de un acuerdo tomado por el Pleno de Magistrados, mismo que se public\u00f3 el mismo viernes en la Gaceta Oficial del Estado y que por ley entra en vigor tres d\u00edas naturales despu\u00e9s de haberse difundido en ese \u00f3rgano informativo.&nbsp;<\/p>\n\n\n\n<p>Se contempla una serie de cambios en la plantilla del Poder Judicial, lo que no ha sido bien recibido por varios empleados, quienes han acusado, a trav\u00e9s de redes sociales, que son objeto de amenazas para dejar sus cargos.&nbsp;<\/p>\n\n\n\n<p>Sin embargo, el propio presidente de la Rep\u00fablica, Andr\u00e9s Manuel L\u00f3pez Obrador, subray\u00f3 en su conferencia ma\u00f1anera de este lunes la necesidad de oxigenar no solo al Poder Judicial, sino a los tres poderes de gobierno.<\/p>\n\n\n\n<p>\u201cYo lo que planteo es que se tienen que renovar los tres poderes siempre y que tiene que haber autonom\u00eda, independencia, y al mismo tiempo cada poder tiene que procurar que no haya corrupci\u00f3n\u201d, dijo el mandatario federal.&nbsp;<\/p>\n\n\n\n<p>Uno de los cambios que ya es oficial, adem\u00e1s de la presidencia, se dio en la Direcci\u00f3n de Asuntos Jur\u00eddicos, donde Gabriela Flores Espinosa entr\u00f3 en sustituci\u00f3n de Luis Antonio Fuentes Quiroz.<\/p>\n\n\n\n<p>La intenci\u00f3n de renovar al Poder Judicial del Estado de Veracruz ha generado inconformidades entre el equipo que trabaj\u00f3 con Sof\u00eda Mart\u00ednez; sin embargo, al carecer de argumentos legales, han llevado el tema a los medios de comunicaci\u00f3n.<\/p>\n\n\n\n<p>La ahora expresidenta Sof\u00eda Mart\u00ednez Huerta fue adscrita a una Visitadur\u00eda Judicial, con lo que se mantiene dentro del organigrama de la instituci\u00f3n.<\/p>\n\n\n\n<figure class=\"wp-block-image size-large\"><img loading=\"lazy\" decoding=\"async\" width=\"768\" height=\"1024\" src=\"https:\/\/encuentroinformativo.com.mx\/wp-content\/uploads\/2020\/10\/AC55185E-A5DF-4154-885B-0D2CC7A03512.jpeg\" alt=\"\" class=\"wp-image-7368\" srcset=\"https:\/\/encuentroinformativo.com.mx\/wp-content\/uploads\/2020\/10\/AC55185E-A5DF-4154-885B-0D2CC7A03512.jpeg 768w, https:\/\/encuentroinformativo.com.mx\/wp-content\/uploads\/2020\/10\/AC55185E-A5DF-4154-885B-0D2CC7A03512-225x300.jpeg 225w\" sizes=\"auto, (max-width: 768px) 100vw, 768px\" \/><\/figure>\n","protected":false},"excerpt":{"rendered":"<p>Juan Arcos Xalapa, Ver.- El Poder Judicial del Estado de Veracruz comenz\u00f3 una serie de cambios con la intenci\u00f3n de reestructurarlo y garantizar un mejor sistema de impartici\u00f3n de justicia en la entidad. En el oficio 011342 con fecha de este lunes 26 de octubre se informa que Isabel In\u00e9s Romero Cruz es la nueva [&hellip;]<\/p>\n","protected":false},"author":1,"featured_media":7366,"comment_status":"open","ping_status":"open","sticky":false,"template":"","format":"standard","meta":{"_jetpack_memberships_contains_paid_content":false,"footnotes":""},"categories":[2],"tags":[],"class_list":["post-7365","post","type-post","status-publish","format-standard","has-post-thumbnail","hentry","category-estado"],"jetpack_featured_media_url":"https:\/\/encuentroinformativo.com.mx\/wp-content\/uploads\/2020\/10\/180A26E3-0AC9-4BD8-BDFC-93D1FFF01223.jpeg","jetpack_sharing_enabled":true,"jetpack_likes_enabled":true,"amp_enabled":true,"_links":{"self":[{"href":"https:\/\/encuentroinformativo.com.mx\/index.php?rest_route=\/wp\/v2\/posts\/7365","targetHints":{"allow":["GET"]}}],"collection":[{"href":"https:\/\/encuentroinformativo.com.mx\/index.php?rest_route=\/wp\/v2\/posts"}],"about":[{"href":"https:\/\/encuentroinformativo.com.mx\/index.php?rest_route=\/wp\/v2\/types\/post"}],"author":[{"embeddable":true,"href":"https:\/\/encuentroinformativo.com.mx\/index.php?rest_route=\/wp\/v2\/users\/1"}],"replies":[{"embeddable":true,"href":"https:\/\/encuentroinformativo.com.mx\/index.php?rest_route=%2Fwp%2Fv2%2Fcomments&post=7365"}],"version-history":[{"count":2,"href":"https:\/\/encuentroinformativo.com.mx\/index.php?rest_route=\/wp\/v2\/posts\/7365\/revisions"}],"predecessor-version":[{"id":7369,"href":"https:\/\/encuentroinformativo.com.mx\/index.php?rest_route=\/wp\/v2\/posts\/7365\/revisions\/7369"}],"wp:featuredmedia":[{"embeddable":true,"href":"https:\/\/encuentroinformativo.com.mx\/index.php?rest_route=\/wp\/v2\/media\/7366"}],"wp:attachment":[{"href":"https:\/\/encuentroinformativo.com.mx\/index.php?rest_route=%2Fwp%2Fv2%2Fmedia&parent=7365"}],"wp:term":[{"taxonomy":"category","embeddable":true,"href":"https:\/\/encuentroinformativo.com.mx\/index.php?rest_route=%2Fwp%2Fv2%2Fcategories&post=7365"},{"taxonomy":"post_tag","embeddable":true,"href":"https:\/\/encuentroinformativo.com.mx\/index.php?rest_route=%2Fwp%2Fv2%2Ftags&post=7365"}],"curies":[{"name":"wp","href":"https:\/\/api.w.org\/{rel}","templated":true}]}}