{"id":7370,"date":"2020-10-26T14:41:49","date_gmt":"2020-10-26T20:41:49","guid":{"rendered":"https:\/\/encuentroinformativo.com.mx\/?p=7370"},"modified":"2020-10-26T14:41:51","modified_gmt":"2020-10-26T20:41:51","slug":"en-tlalixcoyan-si-abriran-panteones-para-dia-de-muertos","status":"publish","type":"post","link":"https:\/\/encuentroinformativo.com.mx\/?p=7370","title":{"rendered":"En Tlalixcoyan, s\u00ed abrir\u00e1n panteones para D\u00eda de Muertos"},"content":{"rendered":"\n<p><strong>Alejandro \u00c1vila<\/strong><\/p>\n\n\n\n<p>Tlalixcoyan, Ver.- A diferencia de otros municipios que decidieron cerrar sus panteones para evitar aglomeraciones durante los festejos por el d\u00eda de muertos, el municipio de Tlalixcoyan, con base en que est\u00e1n catalogados como semaforo amarillo, decidi\u00f3 abrir las puertas de sus tres panteones.<\/p>\n\n\n\n<p>El alcalde Agust\u00edn Lagunes \u00c1lvarez, argument\u00f3 que es necesario reactivar la econom\u00eda de la zona y darle cabida a los comerciantes que en esas fechas incrementan sus ventas de comida, arreglos florales y venta de veladoras.<\/p>\n\n\n\n<p>&#8220;Nuestra gente necesita que se empiece a mover el recurso, comprar y vender cosas, y es buen momento para que aquellos comerciantes que se dedican al giro de alimentaci\u00f3n, al giro de ventas de coronas, de veladoras, de flores, puedan reactivar en estos d\u00edas tan importantes y mejorar sus ingresos&#8221;, expuso el edil panista en una transmisi\u00f3n en vivo.<\/p>\n\n\n\n<p>El presidente municipal solicit\u00f3 a la ciudadan\u00eda no confiarse y continuar tomando las medidas sanitarias adecuadas, uso del cubrebocas y respetar la distancia, ya que si bien han sido catalogados desde este lunes 26 de octubre, como municipio en semaforo amarillo, pasado el d\u00eda 8 de noviembre, podr\u00edan mejorar en la semaforizaci\u00f3n y reactivar la actividad comercial en su totalidad.<\/p>\n\n\n\n<p>Finalmente &#8220;Guty&#8221; Lagunes, dijo que se instalar\u00e1n filtros sanitarios en las entradas de los panteones de Piedras Negras, Paso de la Boca y Tlalixcoyan, adem\u00e1s de que se moderar\u00e1 el ingreso de las personas.<\/p>\n","protected":false},"excerpt":{"rendered":"<p>Alejandro \u00c1vila Tlalixcoyan, Ver.- A diferencia de otros municipios que decidieron cerrar sus panteones para evitar aglomeraciones durante los festejos por el d\u00eda de muertos, el municipio de Tlalixcoyan, con base en que est\u00e1n catalogados como semaforo amarillo, decidi\u00f3 abrir las puertas de sus tres panteones. El alcalde Agust\u00edn Lagunes \u00c1lvarez, argument\u00f3 que es necesario [&hellip;]<\/p>\n","protected":false},"author":1,"featured_media":7371,"comment_status":"open","ping_status":"open","sticky":false,"template":"","format":"standard","meta":{"_jetpack_memberships_contains_paid_content":false,"footnotes":""},"categories":[2],"tags":[],"class_list":["post-7370","post","type-post","status-publish","format-standard","has-post-thumbnail","hentry","category-estado"],"jetpack_featured_media_url":"https:\/\/encuentroinformativo.com.mx\/wp-content\/uploads\/2020\/10\/A6D7B17D-EBB9-4C24-BFC9-1130098FF19C.jpeg","jetpack_sharing_enabled":true,"jetpack_likes_enabled":true,"amp_enabled":true,"_links":{"self":[{"href":"https:\/\/encuentroinformativo.com.mx\/index.php?rest_route=\/wp\/v2\/posts\/7370","targetHints":{"allow":["GET"]}}],"collection":[{"href":"https:\/\/encuentroinformativo.com.mx\/index.php?rest_route=\/wp\/v2\/posts"}],"about":[{"href":"https:\/\/encuentroinformativo.com.mx\/index.php?rest_route=\/wp\/v2\/types\/post"}],"author":[{"embeddable":true,"href":"https:\/\/encuentroinformativo.com.mx\/index.php?rest_route=\/wp\/v2\/users\/1"}],"replies":[{"embeddable":true,"href":"https:\/\/encuentroinformativo.com.mx\/index.php?rest_route=%2Fwp%2Fv2%2Fcomments&post=7370"}],"version-history":[{"count":1,"href":"https:\/\/encuentroinformativo.com.mx\/index.php?rest_route=\/wp\/v2\/posts\/7370\/revisions"}],"predecessor-version":[{"id":7372,"href":"https:\/\/encuentroinformativo.com.mx\/index.php?rest_route=\/wp\/v2\/posts\/7370\/revisions\/7372"}],"wp:featuredmedia":[{"embeddable":true,"href":"https:\/\/encuentroinformativo.com.mx\/index.php?rest_route=\/wp\/v2\/media\/7371"}],"wp:attachment":[{"href":"https:\/\/encuentroinformativo.com.mx\/index.php?rest_route=%2Fwp%2Fv2%2Fmedia&parent=7370"}],"wp:term":[{"taxonomy":"category","embeddable":true,"href":"https:\/\/encuentroinformativo.com.mx\/index.php?rest_route=%2Fwp%2Fv2%2Fcategories&post=7370"},{"taxonomy":"post_tag","embeddable":true,"href":"https:\/\/encuentroinformativo.com.mx\/index.php?rest_route=%2Fwp%2Fv2%2Ftags&post=7370"}],"curies":[{"name":"wp","href":"https:\/\/api.w.org\/{rel}","templated":true}]}}