{"id":7373,"date":"2020-10-26T15:04:18","date_gmt":"2020-10-26T21:04:18","guid":{"rendered":"https:\/\/encuentroinformativo.com.mx\/?p=7373"},"modified":"2020-10-26T15:04:21","modified_gmt":"2020-10-26T21:04:21","slug":"gobierno-no-puede-declararse-en-quiebra-claman-empresarios","status":"publish","type":"post","link":"https:\/\/encuentroinformativo.com.mx\/?p=7373","title":{"rendered":"Gobierno no puede declararse en quiebra, claman empresarios"},"content":{"rendered":"\n<p><strong>Dar\u00edo Pale <\/strong><\/p>\n\n\n\n<p>Xalapa, Ver.- Jos\u00e9 de Jes\u00fas Casta\u00f1eda Nev\u00e1rez inform\u00f3 que el Gobierno Estatal no puede declarar que no tiene recursos para pagarles los adeudos que se vienen arrastrando desde la administraci\u00f3n de Javier Duarte de Ochoa.<\/p>\n\n\n\n<p>Entrevistado despu\u00e9s de asistir\u00a0la Comisi\u00f3n Estatal de Atenci\u00f3n a V\u00edctimas (CEAV),\u00a0luego de que la Comisi\u00f3n Estatal de Derechos Humanos (CEDH), acredit\u00f3 la violaci\u00f3n de sus derechos al no pagarles los adeudos, por lo\u00a0que las autoridades tienen la obligaci\u00f3n de cumplir con los pagos, pues estos ya est\u00e1n hasta comprobados.<\/p>\n\n\n\n<p>\u201cEsto aplica para las personas, para los ciudadanos, que nadie est\u00e1 obligado a lo imposible, pero el Estado es solvente, no puede declararse insolvente, jam\u00e1s, de manera que posible siempre es\u201d, expres\u00f3.<\/p>\n\n\n\n<p>Al acudir a para inscribirse en el Registro Estatal, lament\u00f3 que el Secretario de Finanzas, Jos\u00e9 Luis Lima Franco, pretenda decir que \u201cel gobierno no est\u00e1 obligado a lo imposible\u201d para justificar la falta de pago, ya que asever\u00f3, \u201cla administraci\u00f3n estatal no est\u00e1 en quiebra\u201d.<\/p>\n\n\n\n<p>Finalmente en ese tenor, record\u00f3 que de \u201cEmpresas SOS\u201d, se le adeuda a m\u00e1s de 110 empresarios. El monto es superior a los 4.5 millones de pesos.<\/p>\n","protected":false},"excerpt":{"rendered":"<p>Dar\u00edo Pale Xalapa, Ver.- Jos\u00e9 de Jes\u00fas Casta\u00f1eda Nev\u00e1rez inform\u00f3 que el Gobierno Estatal no puede declarar que no tiene recursos para pagarles los adeudos que se vienen arrastrando desde la administraci\u00f3n de Javier Duarte de Ochoa. Entrevistado despu\u00e9s de asistir\u00a0la Comisi\u00f3n Estatal de Atenci\u00f3n a V\u00edctimas (CEAV),\u00a0luego de que la Comisi\u00f3n Estatal de Derechos [&hellip;]<\/p>\n","protected":false},"author":1,"featured_media":7374,"comment_status":"open","ping_status":"open","sticky":false,"template":"","format":"standard","meta":{"_jetpack_memberships_contains_paid_content":false,"footnotes":""},"categories":[3],"tags":[],"class_list":["post-7373","post","type-post","status-publish","format-standard","has-post-thumbnail","hentry","category-xalapa"],"jetpack_featured_media_url":"https:\/\/encuentroinformativo.com.mx\/wp-content\/uploads\/2020\/10\/4DD2D216-6235-4071-97E3-D561FBEE3586.jpeg","jetpack_sharing_enabled":true,"jetpack_likes_enabled":true,"amp_enabled":true,"_links":{"self":[{"href":"https:\/\/encuentroinformativo.com.mx\/index.php?rest_route=\/wp\/v2\/posts\/7373","targetHints":{"allow":["GET"]}}],"collection":[{"href":"https:\/\/encuentroinformativo.com.mx\/index.php?rest_route=\/wp\/v2\/posts"}],"about":[{"href":"https:\/\/encuentroinformativo.com.mx\/index.php?rest_route=\/wp\/v2\/types\/post"}],"author":[{"embeddable":true,"href":"https:\/\/encuentroinformativo.com.mx\/index.php?rest_route=\/wp\/v2\/users\/1"}],"replies":[{"embeddable":true,"href":"https:\/\/encuentroinformativo.com.mx\/index.php?rest_route=%2Fwp%2Fv2%2Fcomments&post=7373"}],"version-history":[{"count":1,"href":"https:\/\/encuentroinformativo.com.mx\/index.php?rest_route=\/wp\/v2\/posts\/7373\/revisions"}],"predecessor-version":[{"id":7375,"href":"https:\/\/encuentroinformativo.com.mx\/index.php?rest_route=\/wp\/v2\/posts\/7373\/revisions\/7375"}],"wp:featuredmedia":[{"embeddable":true,"href":"https:\/\/encuentroinformativo.com.mx\/index.php?rest_route=\/wp\/v2\/media\/7374"}],"wp:attachment":[{"href":"https:\/\/encuentroinformativo.com.mx\/index.php?rest_route=%2Fwp%2Fv2%2Fmedia&parent=7373"}],"wp:term":[{"taxonomy":"category","embeddable":true,"href":"https:\/\/encuentroinformativo.com.mx\/index.php?rest_route=%2Fwp%2Fv2%2Fcategories&post=7373"},{"taxonomy":"post_tag","embeddable":true,"href":"https:\/\/encuentroinformativo.com.mx\/index.php?rest_route=%2Fwp%2Fv2%2Ftags&post=7373"}],"curies":[{"name":"wp","href":"https:\/\/api.w.org\/{rel}","templated":true}]}}