{"id":7379,"date":"2020-10-26T15:29:52","date_gmt":"2020-10-26T21:29:52","guid":{"rendered":"https:\/\/encuentroinformativo.com.mx\/?p=7379"},"modified":"2020-10-26T15:29:55","modified_gmt":"2020-10-26T21:29:55","slug":"piden-a-federacion-brindar-estimulos-fiscales-para-empresarios","status":"publish","type":"post","link":"https:\/\/encuentroinformativo.com.mx\/?p=7379","title":{"rendered":"Piden a Federaci\u00f3n brindar est\u00edmulos fiscales para empresarios"},"content":{"rendered":"\n<p><strong>Alejandro \u00c1vila<\/strong><\/p>\n\n\n\n<p>Veracruz, Ver.- En caso de que exista nuevamente un incremento exponencial en casos de COVID-19 en el pa\u00eds, es el Gobierno Federal quien debe generar las condiciones adecuadas para apoyar a los empresarios y que no se vuelva a caer en una cr\u00edsis econ\u00f3mica.<\/p>\n\n\n\n<p>El alcalde de Veracruz, Fernando Yunes M\u00e1rquez, dijo que ning\u00fan Ayuntamiento puede generar las condiciones por si solo para que los comercios se mantengan en caso de un &#8220;rebrote&#8221; de la pandemia, pues es la federaci\u00f3n quien debe autorizar los estimulos fiscales para evitar cierres masivos de negocios.<\/p>\n\n\n\n<p>&#8220;Las autoridades de salubridad, tanto estatales, como federales, no nos han pedido hacer cierres, de ser necesario pues tendr\u00edamos que hacerlo y ojal\u00e1 el Gobierno Federal tomara ahora s\u00ed, medidas econ\u00f3micas de apoyo mucho m\u00e1s importantes para los negocios, yo lo entiendo, la situaci\u00f3n econ\u00f3mica es grave, es de crisis y ojal\u00e1 pues esto no ocurra (rebrote), pero para ello tenemos que seguir promocionando el uso del cubrebocas, el hecho de cuidarnos, de mantener sana distancia, de s\u00ed hacer econom\u00eda, de hacer vida, pero en la medida de lo posible cuidarnos m\u00e1s&#8221;, recalc\u00f3.<\/p>\n\n\n\n<p>En sentido, lament\u00f3 que M\u00e9xico ha sido uno de los paises que menos ha invertido en el Producto Interno Bruto (PIB) para la recuperaci\u00f3n econ\u00f3mica derivada de la pandemia.<\/p>\n\n\n\n<p>&#8220;Ojal\u00e1, s\u00ed se diera el caso, que esperemos que no, que esto volviera a ocurrir, pues el presidente ahora s\u00ed tome la determinaci\u00f3n de invertirle un poco m\u00e1s a esto y no tanto a proyectos que no tienen mayor sentido, como (la refiner\u00eda) Dos Bocas y otro&#8221;, apunt\u00f3.<\/p>\n\n\n\n<p>Finalmente, el panista dijo que se est\u00e1 apoyando a la familia del elemento de Tr\u00e1nsito Municipal que perdi\u00f3 la vida el pasado s\u00e1bado, tras ser atropellado en la avenida Miguel Alem\u00e1n; al mismo tiempo, aclar\u00f3 que la persona que ocasion\u00f3 el accidente, se qued\u00f3 en el lugar y asumi\u00f3 la responsabilidad que le correspond\u00eda, adem\u00e1s de que tambi\u00e9n brind\u00f3 atenci\u00f3n y apoyo econ\u00f3mico a la familia del agente vial fallecido.<\/p>\n","protected":false},"excerpt":{"rendered":"<p>Alejandro \u00c1vila Veracruz, Ver.- En caso de que exista nuevamente un incremento exponencial en casos de COVID-19 en el pa\u00eds, es el Gobierno Federal quien debe generar las condiciones adecuadas para apoyar a los empresarios y que no se vuelva a caer en una cr\u00edsis econ\u00f3mica. El alcalde de Veracruz, Fernando Yunes M\u00e1rquez, dijo que [&hellip;]<\/p>\n","protected":false},"author":1,"featured_media":7380,"comment_status":"open","ping_status":"open","sticky":false,"template":"","format":"standard","meta":{"_jetpack_memberships_contains_paid_content":false,"footnotes":""},"categories":[2],"tags":[],"class_list":["post-7379","post","type-post","status-publish","format-standard","has-post-thumbnail","hentry","category-estado"],"jetpack_featured_media_url":"https:\/\/encuentroinformativo.com.mx\/wp-content\/uploads\/2020\/10\/A4442E77-9E08-4576-8BB2-701C3FC8A992.jpeg","jetpack_sharing_enabled":true,"jetpack_likes_enabled":true,"amp_enabled":true,"_links":{"self":[{"href":"https:\/\/encuentroinformativo.com.mx\/index.php?rest_route=\/wp\/v2\/posts\/7379","targetHints":{"allow":["GET"]}}],"collection":[{"href":"https:\/\/encuentroinformativo.com.mx\/index.php?rest_route=\/wp\/v2\/posts"}],"about":[{"href":"https:\/\/encuentroinformativo.com.mx\/index.php?rest_route=\/wp\/v2\/types\/post"}],"author":[{"embeddable":true,"href":"https:\/\/encuentroinformativo.com.mx\/index.php?rest_route=\/wp\/v2\/users\/1"}],"replies":[{"embeddable":true,"href":"https:\/\/encuentroinformativo.com.mx\/index.php?rest_route=%2Fwp%2Fv2%2Fcomments&post=7379"}],"version-history":[{"count":1,"href":"https:\/\/encuentroinformativo.com.mx\/index.php?rest_route=\/wp\/v2\/posts\/7379\/revisions"}],"predecessor-version":[{"id":7381,"href":"https:\/\/encuentroinformativo.com.mx\/index.php?rest_route=\/wp\/v2\/posts\/7379\/revisions\/7381"}],"wp:featuredmedia":[{"embeddable":true,"href":"https:\/\/encuentroinformativo.com.mx\/index.php?rest_route=\/wp\/v2\/media\/7380"}],"wp:attachment":[{"href":"https:\/\/encuentroinformativo.com.mx\/index.php?rest_route=%2Fwp%2Fv2%2Fmedia&parent=7379"}],"wp:term":[{"taxonomy":"category","embeddable":true,"href":"https:\/\/encuentroinformativo.com.mx\/index.php?rest_route=%2Fwp%2Fv2%2Fcategories&post=7379"},{"taxonomy":"post_tag","embeddable":true,"href":"https:\/\/encuentroinformativo.com.mx\/index.php?rest_route=%2Fwp%2Fv2%2Ftags&post=7379"}],"curies":[{"name":"wp","href":"https:\/\/api.w.org\/{rel}","templated":true}]}}