{"id":7382,"date":"2020-10-26T16:18:01","date_gmt":"2020-10-26T22:18:01","guid":{"rendered":"https:\/\/encuentroinformativo.com.mx\/?p=7382"},"modified":"2020-10-26T16:18:03","modified_gmt":"2020-10-26T22:18:03","slug":"por-pandemia-seguiran-reguladas-actividades-religiosas-en-veracruz","status":"publish","type":"post","link":"https:\/\/encuentroinformativo.com.mx\/?p=7382","title":{"rendered":"Por pandemia, seguir\u00e1n reguladas actividades religiosas en Veracruz"},"content":{"rendered":"\n<p><strong>Dar\u00edo Pale <\/strong><\/p>\n\n\n\n<p>Xalapa, Ver.- El director de Asuntos Religiosos de la Secretar\u00eda de Gobierno Sergio Ulises Montes Guzm\u00e1n dio a conocer que est\u00e1n en coordinaci\u00f3n con las iglesias cat\u00f3licas para que en los pr\u00f3ximos festejos religiosos se tomen las medidas necesarias para evitar el rebrote de la pandemia, utilizando las medidas sanitarias necesarias, como sucedi\u00f3 en el festejo de San Rafael Gu\u00edzar y Valencia.<\/p>\n\n\n\n<p>Entrevistado en conocido caf\u00e9 del centro de Xalapa, dio a conocer que han estado en pl\u00e1ticas con las diferentes iglesias quienes han mostrado mucha responsabilidad en el tema de la pandemia y han limitado sus actividades, continuar\u00e1n de esta manera en estas fechas que vienen muchas fiestas religiosas a nivel nacional.<\/p>\n\n\n\n<p>&#8220;Estamos en pl\u00e1ticas constantes tanto con los p\u00e1rrocos como con la arquidi\u00f3cesis, en el estado hay ocho Diocesis hemos estado platicando con todos ellos y la verdad han mostrado una apertura bastante interesante y han estado trabajando con mucha responsabilidad para que estas actividades se den de manera ordenada en todo el estado&#8221;, coment\u00f3.<\/p>\n\n\n\n<p>La celebraci\u00f3n del 24 de octubre fue una muestra de responsabilidad ya que hubo toda la disposici\u00f3n por parte del p\u00e1rroco de la catedral y los apoyo mucho para bajar el flujo de visitantes y de vendedores ambulantes, no obstante viene el 12 de diciembre que es la fiesta religiosa m\u00e1s grande a nivel nacional, y en Xalapa tiene una importancia muy fuerte debido a la bas\u00edlica menor que est\u00e1 en El Dique.<\/p>\n\n\n\n<p>Por lo anterior ya est\u00e1n en pl\u00e1ticas con los padres para que sin suspender las festividades se logre una afluencia menor a la de otros a\u00f1os para evitar contagios, por lo que van a trabajar como siempre de manera ordenada ya est\u00e1n involucrados protecci\u00f3n civil, el ayuntamiento, SESVER y Tr\u00e1nsito para lograr que se de el festejo de manera ordenada.<\/p>\n\n\n\n<p>Se\u00f1al\u00f3 que han estado en pl\u00e1ticas constantes con las autoridades municipales de donde salen las peregrinaciones y los han apoyado mucho, para evitar la movilizaci\u00f3n de las personas, adem\u00e1s de que las diferentes iglesias han estado actuando con mucha responsabilidad ya que se basan mucho en el sem\u00e1foro epidemiol\u00f3gico que emite la secretar\u00eda de salud para regular sus actividades.<\/p>\n\n\n\n<p>Finalmente dio a conocer que la visita del Nuncio Apostolico Francisco Coppola fue muy buena y le hicieron saber la intenci\u00f3n del gobierno del estado de trabajar en coordinaci\u00f3n con la todas las iglesias y ellos se comprometieron a trabajar en acciones de paz donde se lograron acuerdos para trabajar juntos para hacer diferentes trabajos.<\/p>\n","protected":false},"excerpt":{"rendered":"<p>Dar\u00edo Pale Xalapa, Ver.- El director de Asuntos Religiosos de la Secretar\u00eda de Gobierno Sergio Ulises Montes Guzm\u00e1n dio a conocer que est\u00e1n en coordinaci\u00f3n con las iglesias cat\u00f3licas para que en los pr\u00f3ximos festejos religiosos se tomen las medidas necesarias para evitar el rebrote de la pandemia, utilizando las medidas sanitarias necesarias, como sucedi\u00f3 [&hellip;]<\/p>\n","protected":false},"author":1,"featured_media":7383,"comment_status":"open","ping_status":"open","sticky":false,"template":"","format":"standard","meta":{"_jetpack_memberships_contains_paid_content":false,"footnotes":""},"categories":[2],"tags":[],"class_list":["post-7382","post","type-post","status-publish","format-standard","has-post-thumbnail","hentry","category-estado"],"jetpack_featured_media_url":"https:\/\/encuentroinformativo.com.mx\/wp-content\/uploads\/2020\/10\/851F7C1B-EAD0-4813-AC2A-41807E845108.jpeg","jetpack_sharing_enabled":true,"jetpack_likes_enabled":true,"amp_enabled":true,"_links":{"self":[{"href":"https:\/\/encuentroinformativo.com.mx\/index.php?rest_route=\/wp\/v2\/posts\/7382","targetHints":{"allow":["GET"]}}],"collection":[{"href":"https:\/\/encuentroinformativo.com.mx\/index.php?rest_route=\/wp\/v2\/posts"}],"about":[{"href":"https:\/\/encuentroinformativo.com.mx\/index.php?rest_route=\/wp\/v2\/types\/post"}],"author":[{"embeddable":true,"href":"https:\/\/encuentroinformativo.com.mx\/index.php?rest_route=\/wp\/v2\/users\/1"}],"replies":[{"embeddable":true,"href":"https:\/\/encuentroinformativo.com.mx\/index.php?rest_route=%2Fwp%2Fv2%2Fcomments&post=7382"}],"version-history":[{"count":1,"href":"https:\/\/encuentroinformativo.com.mx\/index.php?rest_route=\/wp\/v2\/posts\/7382\/revisions"}],"predecessor-version":[{"id":7384,"href":"https:\/\/encuentroinformativo.com.mx\/index.php?rest_route=\/wp\/v2\/posts\/7382\/revisions\/7384"}],"wp:featuredmedia":[{"embeddable":true,"href":"https:\/\/encuentroinformativo.com.mx\/index.php?rest_route=\/wp\/v2\/media\/7383"}],"wp:attachment":[{"href":"https:\/\/encuentroinformativo.com.mx\/index.php?rest_route=%2Fwp%2Fv2%2Fmedia&parent=7382"}],"wp:term":[{"taxonomy":"category","embeddable":true,"href":"https:\/\/encuentroinformativo.com.mx\/index.php?rest_route=%2Fwp%2Fv2%2Fcategories&post=7382"},{"taxonomy":"post_tag","embeddable":true,"href":"https:\/\/encuentroinformativo.com.mx\/index.php?rest_route=%2Fwp%2Fv2%2Ftags&post=7382"}],"curies":[{"name":"wp","href":"https:\/\/api.w.org\/{rel}","templated":true}]}}