{"id":7390,"date":"2020-10-27T11:31:49","date_gmt":"2020-10-27T17:31:49","guid":{"rendered":"https:\/\/encuentroinformativo.com.mx\/?p=7390"},"modified":"2020-10-27T11:31:52","modified_gmt":"2020-10-27T17:31:52","slug":"se-impactan-unidades-de-taxi-en-el-modelo","status":"publish","type":"post","link":"https:\/\/encuentroinformativo.com.mx\/?p=7390","title":{"rendered":"Se impactan unidades de taxi en El Modelo"},"content":{"rendered":"\n<p>La Antigua, Ver.- La ma\u00f1ana de este martes se registr\u00f3 un accidente vehicular entre dos unidades de taxis, el n\u00famero 18 de Playa de Chachalacas y la unidad 138 de la localidad de Tinajitas.<\/p>\n\n\n\n<p>El accidente se registr\u00f3 en la colonia El Modelo de ciudad Cardel, pasando los sem\u00e1foros que se ubican a la altura de la cl\u00ednica del IMSS.<\/p>\n\n\n\n<p>De acuerdo a los primeros reportes el taxi de Tinajitas pretendi\u00f3 dar vuelta en \u201cU\u201d ocasionando un corte de circulaci\u00f3n y que la otra unidad de taxi impactara por uno de sus costados.<\/p>\n\n\n\n<p>Al lugar llegaron elementos de Tr\u00e1nsito del Estado de la delegaci\u00f3n 47 con base en Jos\u00e9 Cardel para realizar el deslinde de responsabilidades. <\/p>\n\n\n\n<p>Fotos: Cortes\u00eda <\/p>\n\n\n\n<figure class=\"wp-block-image size-large\"><img loading=\"lazy\" decoding=\"async\" width=\"1024\" height=\"625\" src=\"https:\/\/encuentroinformativo.com.mx\/wp-content\/uploads\/2020\/10\/9D4CDC31-9A4A-48B6-B113-AAC9DC07CC2C-1024x625.jpeg\" alt=\"\" class=\"wp-image-7392\" srcset=\"https:\/\/encuentroinformativo.com.mx\/wp-content\/uploads\/2020\/10\/9D4CDC31-9A4A-48B6-B113-AAC9DC07CC2C-1024x625.jpeg 1024w, https:\/\/encuentroinformativo.com.mx\/wp-content\/uploads\/2020\/10\/9D4CDC31-9A4A-48B6-B113-AAC9DC07CC2C-300x183.jpeg 300w, https:\/\/encuentroinformativo.com.mx\/wp-content\/uploads\/2020\/10\/9D4CDC31-9A4A-48B6-B113-AAC9DC07CC2C-768x469.jpeg 768w, https:\/\/encuentroinformativo.com.mx\/wp-content\/uploads\/2020\/10\/9D4CDC31-9A4A-48B6-B113-AAC9DC07CC2C.jpeg 1042w\" sizes=\"auto, (max-width: 1024px) 100vw, 1024px\" \/><\/figure>\n","protected":false},"excerpt":{"rendered":"<p>La Antigua, Ver.- La ma\u00f1ana de este martes se registr\u00f3 un accidente vehicular entre dos unidades de taxis, el n\u00famero 18 de Playa de Chachalacas y la unidad 138 de la localidad de Tinajitas. El accidente se registr\u00f3 en la colonia El Modelo de ciudad Cardel, pasando los sem\u00e1foros que se ubican a la altura [&hellip;]<\/p>\n","protected":false},"author":1,"featured_media":7391,"comment_status":"open","ping_status":"open","sticky":false,"template":"","format":"standard","meta":{"_jetpack_memberships_contains_paid_content":false,"footnotes":""},"categories":[8],"tags":[],"class_list":["post-7390","post","type-post","status-publish","format-standard","has-post-thumbnail","hentry","category-region"],"jetpack_featured_media_url":"https:\/\/encuentroinformativo.com.mx\/wp-content\/uploads\/2020\/10\/E5C9C4E7-F9D1-4997-A539-C34E3D5056AF.jpeg","jetpack_sharing_enabled":true,"jetpack_likes_enabled":true,"amp_enabled":true,"_links":{"self":[{"href":"https:\/\/encuentroinformativo.com.mx\/index.php?rest_route=\/wp\/v2\/posts\/7390","targetHints":{"allow":["GET"]}}],"collection":[{"href":"https:\/\/encuentroinformativo.com.mx\/index.php?rest_route=\/wp\/v2\/posts"}],"about":[{"href":"https:\/\/encuentroinformativo.com.mx\/index.php?rest_route=\/wp\/v2\/types\/post"}],"author":[{"embeddable":true,"href":"https:\/\/encuentroinformativo.com.mx\/index.php?rest_route=\/wp\/v2\/users\/1"}],"replies":[{"embeddable":true,"href":"https:\/\/encuentroinformativo.com.mx\/index.php?rest_route=%2Fwp%2Fv2%2Fcomments&post=7390"}],"version-history":[{"count":1,"href":"https:\/\/encuentroinformativo.com.mx\/index.php?rest_route=\/wp\/v2\/posts\/7390\/revisions"}],"predecessor-version":[{"id":7393,"href":"https:\/\/encuentroinformativo.com.mx\/index.php?rest_route=\/wp\/v2\/posts\/7390\/revisions\/7393"}],"wp:featuredmedia":[{"embeddable":true,"href":"https:\/\/encuentroinformativo.com.mx\/index.php?rest_route=\/wp\/v2\/media\/7391"}],"wp:attachment":[{"href":"https:\/\/encuentroinformativo.com.mx\/index.php?rest_route=%2Fwp%2Fv2%2Fmedia&parent=7390"}],"wp:term":[{"taxonomy":"category","embeddable":true,"href":"https:\/\/encuentroinformativo.com.mx\/index.php?rest_route=%2Fwp%2Fv2%2Fcategories&post=7390"},{"taxonomy":"post_tag","embeddable":true,"href":"https:\/\/encuentroinformativo.com.mx\/index.php?rest_route=%2Fwp%2Fv2%2Ftags&post=7390"}],"curies":[{"name":"wp","href":"https:\/\/api.w.org\/{rel}","templated":true}]}}