{"id":7394,"date":"2020-10-27T12:35:01","date_gmt":"2020-10-27T18:35:01","guid":{"rendered":"https:\/\/encuentroinformativo.com.mx\/?p=7394"},"modified":"2020-10-27T12:35:05","modified_gmt":"2020-10-27T18:35:05","slug":"empresarios-no-aguantan-otro-encierro-coparmex","status":"publish","type":"post","link":"https:\/\/encuentroinformativo.com.mx\/?p=7394","title":{"rendered":"Empresarios no aguantan otro encierro: COPARMEX"},"content":{"rendered":"\n<p><strong>Dar\u00edo Pale <\/strong><\/p>\n\n\n\n<p>Xalapa, Ver.- El Presidente de la Confederaci\u00f3n Patronal de la Rep\u00fablica Mexicana (COPARMEX) Xalapa, Luis S\u00e1nchez \u00c1vila dio a conocer que los empresarios no podr\u00edan aguantar otro encierro de cinco meses por un posible rebrote de la pandemia como est\u00e1 sucediendo en otros pa\u00edses.<\/p>\n\n\n\n<p>En conferencia de prensa realizada en conocido caf\u00e9 del centro de Xalapa, se\u00f1al\u00f3 que est\u00e1n impulsando varias acciones que tienen para tratar de incentivar el comercio electr\u00f3nico, pero principalmente dirigido a los peque\u00f1os negocios que no tiene asesor\u00eda tecnol\u00f3gica ni una fortaleza econ\u00f3mica para que puedan acceder a buscadores en google as\u00ed como de otras herramientas electr\u00f3nicas.<\/p>\n\n\n\n<p>Se\u00f1al\u00f3 que \u00faltimamente el mercado electr\u00f3nico se ha catapultado mucho debido a la pandemia, pero desafortunadamente solo son las grandes cadenas quienes tienen acceso a estas plataformas digitales, por lo que se tienen que apoyar a los peque\u00f1os comercios para que puedan ofrecer sus servicios en p\u00e1ginas y que los buscadores tambi\u00e9n los se\u00f1alen.<\/p>\n\n\n\n<p>Dio a conocer que con el Buen Fin es un momento id\u00f3neo para poder accesar a estas plataformas y que el dinero se quede en la capital y no se valla a otros pa\u00edses, ya que m\u00e1s del 80 por ciento del pa\u00eds son micro negocios y m\u00e1s del 85 por ciento de la fuente laborar est\u00e1 en esos comercios.<\/p>\n\n\n\n<p>En cuanto al riesgo de un rebrote de la pandemia inform\u00f3 que como se ha presentado en otros pa\u00edses donde se dio primero la pandemia hay una segunda ola, incluso hay toque de queda, pero no es la soluci\u00f3n encerrar a la ciudadan\u00eda, &#8220;si no cuidarnos \u00a0 todos y todos juntos&#8221;, ya se ve en las calles un poco de conciencia, pero entre todos debemos de ayudarnos de lo contrario esto no terminara.<\/p>\n\n\n\n<p>Se\u00f1al\u00f3 que posiblemente el gobierno no tiene toda la culpa, posiblemente gran parte pero no toda, todos tienen que poner su granito de arena como lo es impulsar el micro y peque\u00f1o comercio, los me presagios podr\u00edan no aguantar otro encierro ya que viene la etapa de noviembre adem\u00e1s de otras fechas significativas, por lo que no ser\u00eda correcto otro encierro total como el que se viven hace cinco meses.<\/p>\n\n\n\n<p>Tampoco la ciudadan\u00eda debe de hacer fiestas ya que est\u00e1 demostrado que en lugares cerrados es donde hay m\u00e1s contagios por l que exhort\u00f3 a la ciudadan\u00eda a que sea m\u00e1s responsable, adem\u00e1s que ser\u00eda irresponsable que cualquier pol\u00edtico dijera que hay una fecha para que se termine la pandemia y estar prevenidos por una nueva oleada y sea m\u00e1s contundente se pueda hacer m\u00e1s.<\/p>\n\n\n\n<p>En otro orden de ideas dio a conocer que las deudas del gobierno del estado con sus agremiados se fueron saldando, pero es importante que no se pierda la comunicaci\u00f3n entre gobierno y el sector privado para ir solucionando las pocas deudas que se tienen ya que no son de la administraci\u00f3n pasada son del gobierno del estado de Veracruz y esas son permanentes sea del color que sea.<\/p>\n\n\n\n<p>Finalmente se\u00f1al\u00f3 que han intentado realizar el factoraje de distintas maneras, primero fue con una taza de inter\u00e9s alta pero no le conven\u00eda a nadie, el banco puso muchos peros y trabas por lo que as\u00ed no se pod\u00eda, despu\u00e9s optaron por cambiar de banco y empez\u00f3 a caminar un poco pero falta mucho por hacer pero solo es un curita ya que no alcanza para pagar el adeudo.<\/p>\n","protected":false},"excerpt":{"rendered":"<p>Dar\u00edo Pale Xalapa, Ver.- El Presidente de la Confederaci\u00f3n Patronal de la Rep\u00fablica Mexicana (COPARMEX) Xalapa, Luis S\u00e1nchez \u00c1vila dio a conocer que los empresarios no podr\u00edan aguantar otro encierro de cinco meses por un posible rebrote de la pandemia como est\u00e1 sucediendo en otros pa\u00edses. En conferencia de prensa realizada en conocido caf\u00e9 del [&hellip;]<\/p>\n","protected":false},"author":1,"featured_media":4489,"comment_status":"open","ping_status":"open","sticky":false,"template":"","format":"standard","meta":{"_jetpack_memberships_contains_paid_content":false,"footnotes":""},"categories":[3],"tags":[],"class_list":["post-7394","post","type-post","status-publish","format-standard","has-post-thumbnail","hentry","category-xalapa"],"jetpack_featured_media_url":"https:\/\/encuentroinformativo.com.mx\/wp-content\/uploads\/2020\/07\/04FCA6E1-74F1-4391-9C50-12406C19A23F.jpeg","jetpack_sharing_enabled":true,"jetpack_likes_enabled":true,"amp_enabled":true,"_links":{"self":[{"href":"https:\/\/encuentroinformativo.com.mx\/index.php?rest_route=\/wp\/v2\/posts\/7394","targetHints":{"allow":["GET"]}}],"collection":[{"href":"https:\/\/encuentroinformativo.com.mx\/index.php?rest_route=\/wp\/v2\/posts"}],"about":[{"href":"https:\/\/encuentroinformativo.com.mx\/index.php?rest_route=\/wp\/v2\/types\/post"}],"author":[{"embeddable":true,"href":"https:\/\/encuentroinformativo.com.mx\/index.php?rest_route=\/wp\/v2\/users\/1"}],"replies":[{"embeddable":true,"href":"https:\/\/encuentroinformativo.com.mx\/index.php?rest_route=%2Fwp%2Fv2%2Fcomments&post=7394"}],"version-history":[{"count":1,"href":"https:\/\/encuentroinformativo.com.mx\/index.php?rest_route=\/wp\/v2\/posts\/7394\/revisions"}],"predecessor-version":[{"id":7395,"href":"https:\/\/encuentroinformativo.com.mx\/index.php?rest_route=\/wp\/v2\/posts\/7394\/revisions\/7395"}],"wp:featuredmedia":[{"embeddable":true,"href":"https:\/\/encuentroinformativo.com.mx\/index.php?rest_route=\/wp\/v2\/media\/4489"}],"wp:attachment":[{"href":"https:\/\/encuentroinformativo.com.mx\/index.php?rest_route=%2Fwp%2Fv2%2Fmedia&parent=7394"}],"wp:term":[{"taxonomy":"category","embeddable":true,"href":"https:\/\/encuentroinformativo.com.mx\/index.php?rest_route=%2Fwp%2Fv2%2Fcategories&post=7394"},{"taxonomy":"post_tag","embeddable":true,"href":"https:\/\/encuentroinformativo.com.mx\/index.php?rest_route=%2Fwp%2Fv2%2Ftags&post=7394"}],"curies":[{"name":"wp","href":"https:\/\/api.w.org\/{rel}","templated":true}]}}