{"id":7399,"date":"2020-10-27T14:07:40","date_gmt":"2020-10-27T20:07:40","guid":{"rendered":"https:\/\/encuentroinformativo.com.mx\/?p=7399"},"modified":"2020-10-27T14:22:10","modified_gmt":"2020-10-27T20:22:10","slug":"empresas-y-sociedad-civil-presentan-plataforma-para-impulsar-economia-en-xalapa","status":"publish","type":"post","link":"https:\/\/encuentroinformativo.com.mx\/?p=7399","title":{"rendered":"Empresas y sociedad civil presentan plataforma para impulsar econom\u00eda en Xalapa"},"content":{"rendered":"\n<p>Xalapa, Ver.- El impulso a las micro y peque\u00f1as empresas, formales y no formales, es otro de los retos que enfrentamos consecuencia de la pandemia por Sars-Corv2. En ese sentido, empresas, c\u00e1maras y sociedad civil se suman para enfrentar el reto.<\/p>\n\n\n\n<p>A trav\u00e9s de la iniciativa \u201c<em>Crezcamos juntos<\/em>\u201d<em>&nbsp;<\/em>la agencia de publicidad&nbsp;<strong>Invanza Smart Media Xalapa<\/strong>, en conjunto con&nbsp;<strong>Coparmex Xalapa<\/strong>&nbsp;y el movimiento social&nbsp;<strong>Recupera la Atenas<\/strong>, se unen para llevar a cabo este proyecto hist\u00f3rico en nuestra ciudad, de una manera completamente gratuita.<\/p>\n\n\n\n<p>Crezcamos Juntos en una iniciativa sin fines de lucro&nbsp;que tiene por objetivo lograr reactivar la econom\u00eda de Xalapaincluyendo&nbsp;a todos los micro, peque\u00f1os y medianos negocios en Internet.<\/p>\n\n\n\n<p>En palabras del presidente de COPARMEX Xalapa, Luis S\u00e1nchez, es un esfuerzo conjunto para reactivar&nbsp;la econom\u00eda, que no s\u00f3lo representa negocios pr\u00f3speros, tambi\u00e9n, familias que tienen recursos para salir adelante.<\/p>\n\n\n\n<p>Por su parte, Agust\u00edn Arcos, Coordinador General del movimiento&nbsp;<em>Recupera la Atenas<\/em>, enfatiz\u00f3 sobre la importancia de sumar a m\u00e1s actores: empresarias\/os, gobiernos, academia y sociedad civil, para construir la Xalapa y el Veracruz que queremos: en paz, libre e incluyente.<\/p>\n\n\n\n<p>Mariana Brito, Directora de Invanza Smart Media, responsable de la plataforma para la funcionalidad de la iniciativa \u201c<em>Crezcamos juntos<\/em>\u201d, coment\u00f3 sobre las alternativas tecnol\u00f3gicas como herramientas para impulsar la creaci\u00f3n de valor econ\u00f3mico en las empresas xalape\u00f1as y c\u00f3mo a trav\u00e9s de ellas, podemos encontrar soluciones innovadoras para salir adelante.<\/p>\n\n\n\n<p>Convocaron en equipo a empresas y emprendedores\/as para registrarse de forma gratuita e impulsar sus negocios a trav\u00e9s del sitio de internet\u00a0<a href=\"http:\/\/invanza.com.mx\/crezcamosjuntos\/\">http:\/\/invanza.com.mx\/crezcamosjuntos<\/a>  que dispone adem\u00e1s de un sitio de preguntas y respuestas en la red social Whatsapp.<\/p>\n","protected":false},"excerpt":{"rendered":"<p>Xalapa, Ver.- El impulso a las micro y peque\u00f1as empresas, formales y no formales, es otro de los retos que enfrentamos consecuencia de la pandemia por Sars-Corv2. En ese sentido, empresas, c\u00e1maras y sociedad civil se suman para enfrentar el reto. A trav\u00e9s de la iniciativa \u201cCrezcamos juntos\u201d&nbsp;la agencia de publicidad&nbsp;Invanza Smart Media Xalapa, en [&hellip;]<\/p>\n","protected":false},"author":1,"featured_media":7400,"comment_status":"open","ping_status":"open","sticky":false,"template":"","format":"standard","meta":{"_jetpack_memberships_contains_paid_content":false,"footnotes":""},"categories":[3],"tags":[],"class_list":["post-7399","post","type-post","status-publish","format-standard","has-post-thumbnail","hentry","category-xalapa"],"jetpack_featured_media_url":"https:\/\/encuentroinformativo.com.mx\/wp-content\/uploads\/2020\/10\/75B69C5F-5C42-473F-9CCD-4F534AB86DD1.jpeg","jetpack_sharing_enabled":true,"jetpack_likes_enabled":true,"amp_enabled":true,"_links":{"self":[{"href":"https:\/\/encuentroinformativo.com.mx\/index.php?rest_route=\/wp\/v2\/posts\/7399","targetHints":{"allow":["GET"]}}],"collection":[{"href":"https:\/\/encuentroinformativo.com.mx\/index.php?rest_route=\/wp\/v2\/posts"}],"about":[{"href":"https:\/\/encuentroinformativo.com.mx\/index.php?rest_route=\/wp\/v2\/types\/post"}],"author":[{"embeddable":true,"href":"https:\/\/encuentroinformativo.com.mx\/index.php?rest_route=\/wp\/v2\/users\/1"}],"replies":[{"embeddable":true,"href":"https:\/\/encuentroinformativo.com.mx\/index.php?rest_route=%2Fwp%2Fv2%2Fcomments&post=7399"}],"version-history":[{"count":2,"href":"https:\/\/encuentroinformativo.com.mx\/index.php?rest_route=\/wp\/v2\/posts\/7399\/revisions"}],"predecessor-version":[{"id":7405,"href":"https:\/\/encuentroinformativo.com.mx\/index.php?rest_route=\/wp\/v2\/posts\/7399\/revisions\/7405"}],"wp:featuredmedia":[{"embeddable":true,"href":"https:\/\/encuentroinformativo.com.mx\/index.php?rest_route=\/wp\/v2\/media\/7400"}],"wp:attachment":[{"href":"https:\/\/encuentroinformativo.com.mx\/index.php?rest_route=%2Fwp%2Fv2%2Fmedia&parent=7399"}],"wp:term":[{"taxonomy":"category","embeddable":true,"href":"https:\/\/encuentroinformativo.com.mx\/index.php?rest_route=%2Fwp%2Fv2%2Fcategories&post=7399"},{"taxonomy":"post_tag","embeddable":true,"href":"https:\/\/encuentroinformativo.com.mx\/index.php?rest_route=%2Fwp%2Fv2%2Ftags&post=7399"}],"curies":[{"name":"wp","href":"https:\/\/api.w.org\/{rel}","templated":true}]}}