{"id":7406,"date":"2020-10-27T14:58:02","date_gmt":"2020-10-27T20:58:02","guid":{"rendered":"https:\/\/encuentroinformativo.com.mx\/?p=7406"},"modified":"2020-10-27T14:58:06","modified_gmt":"2020-10-27T20:58:06","slug":"soy-humano-clausura-de-forma-simbolica-catedral-de-veracruz","status":"publish","type":"post","link":"https:\/\/encuentroinformativo.com.mx\/?p=7406","title":{"rendered":"&#8220;Soy Humano&#8221; clausura de forma simb\u00f3lica Catedral de Veracruz"},"content":{"rendered":"\n<p><strong>Alejandro \u00c1vila<\/strong><\/p>\n\n\n\n<p>Veracruz, Ver.- El colectivo LGBT &#8220;Soy Humano&#8221; realiz\u00f3 una clausura simb\u00f3lica de la Catedral de Veracruz Puerto, en protesta por las declaraciones que el pasado domingo hizo un grupo eclesi\u00e1stico, en el cual se solicit\u00f3 la uni\u00f3n entre Estado e iglesia.<\/p>\n\n\n\n<p>Miguel \u00c1ngel Llinas, presidente y vocero de &#8220;Soy Humano&#8221;, expuso que dicha petici\u00f3n es arcaica, al tiempo que acus\u00f3, durante a\u00f1os la iglesia ha seguido entrometi\u00e9ndose en la vida p\u00fablica y pol\u00edtica de M\u00e9xico, siendo los grupos vulnerables como la comunidad LGBT quienes pagan las consecuencias de sus acciones.<\/p>\n\n\n\n<p>&#8220;Buscamos que no se vulnere el Estado laico, el d\u00eda de hoy estamos aqu\u00ed abundando en nuestra preocupaci\u00f3n por las constantes intromisiones de las religiones, en especifico de la religi\u00f3n cat\u00f3lica y evang\u00e9lica, en asuntos que competen solamente al Estado. Hay que recordar que las declaraciones del Nuncio Apost\u00f3lico, Franco Coppola, y del vocero de la Arquidi\u00f3cesis de Veracruz e incluso el Obispo, han sido una constante, incluso en temas que tienen que ver solamente con el sistema Estado, que son el derecho a decidir de las mujeres, el matrimonio civil igualitario, la eutanasia, e incluso el uso legal de la mariguana, bueno la regulaci\u00f3n de la mariguana&#8221;, declar\u00f3 Yaz Bustamante.<\/p>\n\n\n\n<p>Si bien reconocieron que estos temas son de relevancia social, en especifico a los grupos de diversidad sexual, acuso se les est\u00e1 llevando desde los p\u00falpitos, una apolog\u00eda de odio en su contra.<\/p>\n\n\n\n<p>En ese sentido, solicit\u00f3 a los l\u00edderes religiosos, tomen en cuenta el respetar los art\u00edculos 40, 24 y tercero de la Constituci\u00f3n Pol\u00edtica de M\u00e9xico, de la misma manera, exhort\u00f3 a los pr\u00f3ximos candidatos y candidatas a cargos de elecci\u00f3n popular, a hacer a un lado el uso pol\u00edtico de las religiones, a cambio de su ascenso al poder.<\/p>\n\n\n\n<p>Finalmente, los integrantes de la comunidad LGBT se tomaron una fotograf\u00eda a las afueras de la Catedral de Veracruz, donde simularon la clausura del reciento, aclarando que la convocatoria era \u00fanicamente para exponer sus razones de tal acto, pero que llegaban de forma pacifica.<\/p>\n","protected":false},"excerpt":{"rendered":"<p>Alejandro \u00c1vila Veracruz, Ver.- El colectivo LGBT &#8220;Soy Humano&#8221; realiz\u00f3 una clausura simb\u00f3lica de la Catedral de Veracruz Puerto, en protesta por las declaraciones que el pasado domingo hizo un grupo eclesi\u00e1stico, en el cual se solicit\u00f3 la uni\u00f3n entre Estado e iglesia. Miguel \u00c1ngel Llinas, presidente y vocero de &#8220;Soy Humano&#8221;, expuso que dicha [&hellip;]<\/p>\n","protected":false},"author":1,"featured_media":7407,"comment_status":"open","ping_status":"open","sticky":false,"template":"","format":"standard","meta":{"_jetpack_memberships_contains_paid_content":false,"footnotes":""},"categories":[2],"tags":[],"class_list":["post-7406","post","type-post","status-publish","format-standard","has-post-thumbnail","hentry","category-estado"],"jetpack_featured_media_url":"https:\/\/encuentroinformativo.com.mx\/wp-content\/uploads\/2020\/10\/6048D87F-84DF-455F-96C9-643AB5E546FD.jpeg","jetpack_sharing_enabled":true,"jetpack_likes_enabled":true,"amp_enabled":true,"_links":{"self":[{"href":"https:\/\/encuentroinformativo.com.mx\/index.php?rest_route=\/wp\/v2\/posts\/7406","targetHints":{"allow":["GET"]}}],"collection":[{"href":"https:\/\/encuentroinformativo.com.mx\/index.php?rest_route=\/wp\/v2\/posts"}],"about":[{"href":"https:\/\/encuentroinformativo.com.mx\/index.php?rest_route=\/wp\/v2\/types\/post"}],"author":[{"embeddable":true,"href":"https:\/\/encuentroinformativo.com.mx\/index.php?rest_route=\/wp\/v2\/users\/1"}],"replies":[{"embeddable":true,"href":"https:\/\/encuentroinformativo.com.mx\/index.php?rest_route=%2Fwp%2Fv2%2Fcomments&post=7406"}],"version-history":[{"count":1,"href":"https:\/\/encuentroinformativo.com.mx\/index.php?rest_route=\/wp\/v2\/posts\/7406\/revisions"}],"predecessor-version":[{"id":7408,"href":"https:\/\/encuentroinformativo.com.mx\/index.php?rest_route=\/wp\/v2\/posts\/7406\/revisions\/7408"}],"wp:featuredmedia":[{"embeddable":true,"href":"https:\/\/encuentroinformativo.com.mx\/index.php?rest_route=\/wp\/v2\/media\/7407"}],"wp:attachment":[{"href":"https:\/\/encuentroinformativo.com.mx\/index.php?rest_route=%2Fwp%2Fv2%2Fmedia&parent=7406"}],"wp:term":[{"taxonomy":"category","embeddable":true,"href":"https:\/\/encuentroinformativo.com.mx\/index.php?rest_route=%2Fwp%2Fv2%2Fcategories&post=7406"},{"taxonomy":"post_tag","embeddable":true,"href":"https:\/\/encuentroinformativo.com.mx\/index.php?rest_route=%2Fwp%2Fv2%2Ftags&post=7406"}],"curies":[{"name":"wp","href":"https:\/\/api.w.org\/{rel}","templated":true}]}}