{"id":7412,"date":"2020-10-27T15:40:20","date_gmt":"2020-10-27T21:40:20","guid":{"rendered":"https:\/\/encuentroinformativo.com.mx\/?p=7412"},"modified":"2020-10-27T15:40:24","modified_gmt":"2020-10-27T21:40:24","slug":"por-falta-de-internet-familia-se-separa-para-que-hijos-puedan-tomar-clases-en-linea","status":"publish","type":"post","link":"https:\/\/encuentroinformativo.com.mx\/?p=7412","title":{"rendered":"Por falta de internet, familia se separa para que hijos puedan tomar clases en l\u00ednea"},"content":{"rendered":"\n<p><strong>Juan Arcos <\/strong><\/p>\n\n\n\n<p>Coatepec, Ver.- Luz del Carmen Ju\u00e1rez Arcos tuvo que separarse de tres de sus cuatro hijos por falta de internet en su casa. Ellos se quedan con algunos familiares para acceder a las clases en l\u00ednea.<\/p>\n\n\n\n<p>La se\u00f1ora gasta 100 pesos en recargas celulares cada 15 d\u00edas, para que su hijo menor pueda recibir y enviar documentos o tareas a sus profesores.<\/p>\n\n\n\n<p>\u201cTengo nada m\u00e1s a cargo a uno de mis hijos, los otros se tuvieron que venir a casa de un familiar para tener el acceso al internet\u201d.<\/p>\n\n\n\n<p>Ella y su familia viven en la colonia 2 de Marzo de la comunidad Puerto Rico, municipio de Coatepec, a unos diez kil\u00f3metros de la capital del estado.<\/p>\n\n\n\n<p>La mujer ve con gran preocupaci\u00f3n que incrementen las tarifas de telefon\u00eda celular e internet, pues sus hijos de 21, 19, 17 y de 13 a\u00f1os, requieren dicho servicio para continuar sus estudios a distancia, durante esta pandemia del SARS-COV-2 (COVID-19).<\/p>\n\n\n\n<p>Luz del Carmen es ama de casa y su esposo es alba\u00f1il, por lo que los ingresos econ\u00f3micos apenas alcanzan para cubrir los gastos del hogar.<\/p>\n\n\n\n<p>\u201cAhora nos dan la noticia de que van a subir la tarifa y a la econom\u00eda de uno como madre, el salario del marido no alcanza, es una problem\u00e1tica para poder solventar esa gasto\u201d.<\/p>\n\n\n\n<p>Recientemente, los diputados federales avalaron la Ley Federal de Derechos, situaci\u00f3n que implicar\u00eda un posible\u00a0aumento en los costos de telefon\u00eda celular e internet.<\/p>\n\n\n\n<p>Ju\u00e1rez Arcos menciona que en su colonia son constantes las fallas en el servicio de telefon\u00eda celular, situaci\u00f3n que tambi\u00e9n perjudicaba a sus hijos cuando atend\u00edan sus clases correspondientes.<\/p>\n\n\n\n<p>Adem\u00e1s, ha notado que su hijo menor no ha logrado aprender mediante las clases en l\u00ednea, toda vez que la atenci\u00f3n docente y la retroalimentaci\u00f3n no es la misma que en las clases presenciales.<\/p>\n\n\n\n<p>La se\u00f1ora pide al gobierno que el internet sea gratuito, sobre todo durante la pandemia, para garantizar que los alumnos accedan a sus clases en l\u00ednea.<\/p>\n","protected":false},"excerpt":{"rendered":"<p>Juan Arcos Coatepec, Ver.- Luz del Carmen Ju\u00e1rez Arcos tuvo que separarse de tres de sus cuatro hijos por falta de internet en su casa. Ellos se quedan con algunos familiares para acceder a las clases en l\u00ednea. La se\u00f1ora gasta 100 pesos en recargas celulares cada 15 d\u00edas, para que su hijo menor pueda [&hellip;]<\/p>\n","protected":false},"author":1,"featured_media":7413,"comment_status":"open","ping_status":"open","sticky":false,"template":"","format":"standard","meta":{"_jetpack_memberships_contains_paid_content":false,"footnotes":""},"categories":[10],"tags":[],"class_list":["post-7412","post","type-post","status-publish","format-standard","has-post-thumbnail","hentry","category-entrevistas"],"jetpack_featured_media_url":"https:\/\/encuentroinformativo.com.mx\/wp-content\/uploads\/2020\/10\/6D2CFB05-FFB3-4849-8763-D16E8FDDF4C0.jpeg","jetpack_sharing_enabled":true,"jetpack_likes_enabled":true,"amp_enabled":true,"_links":{"self":[{"href":"https:\/\/encuentroinformativo.com.mx\/index.php?rest_route=\/wp\/v2\/posts\/7412","targetHints":{"allow":["GET"]}}],"collection":[{"href":"https:\/\/encuentroinformativo.com.mx\/index.php?rest_route=\/wp\/v2\/posts"}],"about":[{"href":"https:\/\/encuentroinformativo.com.mx\/index.php?rest_route=\/wp\/v2\/types\/post"}],"author":[{"embeddable":true,"href":"https:\/\/encuentroinformativo.com.mx\/index.php?rest_route=\/wp\/v2\/users\/1"}],"replies":[{"embeddable":true,"href":"https:\/\/encuentroinformativo.com.mx\/index.php?rest_route=%2Fwp%2Fv2%2Fcomments&post=7412"}],"version-history":[{"count":1,"href":"https:\/\/encuentroinformativo.com.mx\/index.php?rest_route=\/wp\/v2\/posts\/7412\/revisions"}],"predecessor-version":[{"id":7414,"href":"https:\/\/encuentroinformativo.com.mx\/index.php?rest_route=\/wp\/v2\/posts\/7412\/revisions\/7414"}],"wp:featuredmedia":[{"embeddable":true,"href":"https:\/\/encuentroinformativo.com.mx\/index.php?rest_route=\/wp\/v2\/media\/7413"}],"wp:attachment":[{"href":"https:\/\/encuentroinformativo.com.mx\/index.php?rest_route=%2Fwp%2Fv2%2Fmedia&parent=7412"}],"wp:term":[{"taxonomy":"category","embeddable":true,"href":"https:\/\/encuentroinformativo.com.mx\/index.php?rest_route=%2Fwp%2Fv2%2Fcategories&post=7412"},{"taxonomy":"post_tag","embeddable":true,"href":"https:\/\/encuentroinformativo.com.mx\/index.php?rest_route=%2Fwp%2Fv2%2Ftags&post=7412"}],"curies":[{"name":"wp","href":"https:\/\/api.w.org\/{rel}","templated":true}]}}