{"id":7415,"date":"2020-10-27T16:18:51","date_gmt":"2020-10-27T22:18:51","guid":{"rendered":"https:\/\/encuentroinformativo.com.mx\/?p=7415"},"modified":"2020-10-27T16:18:54","modified_gmt":"2020-10-27T22:18:54","slug":"justifica-alcalde-festejo-efectuado-a-medicos","status":"publish","type":"post","link":"https:\/\/encuentroinformativo.com.mx\/?p=7415","title":{"rendered":"Justifica alcalde festejo efectuado a m\u00e9dicos"},"content":{"rendered":"\n<p><strong>Alejandro \u00c1vila<\/strong><\/p>\n\n\n\n<p>Veracruz, Ver.- El alcalde de \u00c1ngel R. Cabada, Arturo Herviz Reyes justific\u00f3 la celebraci\u00f3n que le hizo a 19 m\u00e9dicos de que laboran en su zona, esto despu\u00e9s de las cr\u00edticas que se dieron en redes sociales, por la cercan\u00eda entre los presentes, siendo ellos la primera l\u00ednea de atenci\u00f3n de los ciudadanos.<\/p>\n\n\n\n<p>Fue el pasado viernes 23 de octubre, cuando el Ayuntamiento de \u00c1ngel R. Cabada, aprovechando el \u201cD\u00eda del M\u00e9dico\u201d, convoc\u00f3 a 19 galenos que laboran en las localidades del municipio para celebrar su labor con una comida.<\/p>\n\n\n\n<p>El edil perredista, reconoci\u00f3 que los ciudadanos de \u00c1ngel R. Cabada, no solo de la cabecera municipal, desconfiaban de las instituciones de salud del Estado, por lo que tuvieron que acudir con estos m\u00e9dicos particulares, que fueron pr\u00e1cticamente los que realizaron una labor tit\u00e1nica en las localidades del municipio.<\/p>\n\n\n\n<p>\u201cBueno, mira\u2026est\u00e1bamos en una comida y si est\u00e1s comiendo no puedes tener el cubre bocas (\u2026) eran 19 m\u00e9dicos que son de Cabada, que ah\u00ed trabajan, que ah\u00ed viven y atienden, y atendieron a muchos enfermos, porque muchos ciudadanos no van al Seguro (Social), no van al hospital de Salubridad, \u00bfpor qu\u00e9?, porque ten\u00edan temor, la campa\u00f1a que se hizo de que los iban a atender mal y de que les iban a poner no s\u00e9 qu\u00e9 cosas, es una situaci\u00f3n que s\u00ed peg\u00f3 abajo, entonces la gente iba con particulares\u201d, mencion\u00f3.<\/p>\n\n\n\n<p>En otro tema, a pesar de las recientes recomendaciones de la Secretar\u00eda de Salud del Estado de Veracruz, quien exhort\u00f3 a los ciudadanos a no acudir a los panteones durante los festejos del \u201cD\u00eda de Muertos\u201d, Herviz Reyes dijo que los 10 panteones que hay en el municipio -entre cabecera municipal y localidades- ser\u00e1n abiertos y se colocar\u00e1n filtros sanitarios en algunos, incluso se pretende crear un esquema de acceso para el d\u00eda 1 y 2 de noviembre.<\/p>\n\n\n\n<p>\u201cVamos a tratar de que la gente vaya de forma escalonada, desde el d\u00eda primero y el d\u00eda dos, que est\u00e9 viendo para que no haya aglomeraci\u00f3n, y se va poner gente de Protecci\u00f3n Civil para que est\u00e9 cuidando el acceso, chequen temperatura y bueno, en la cabecera que va m\u00e1s gente se van a poner las carpas sanitizante, en las comunidades es m\u00e1s peque\u00f1o el asunto de la asistencia\u201d, remato.<\/p>\n","protected":false},"excerpt":{"rendered":"<p>Alejandro \u00c1vila Veracruz, Ver.- El alcalde de \u00c1ngel R. Cabada, Arturo Herviz Reyes justific\u00f3 la celebraci\u00f3n que le hizo a 19 m\u00e9dicos de que laboran en su zona, esto despu\u00e9s de las cr\u00edticas que se dieron en redes sociales, por la cercan\u00eda entre los presentes, siendo ellos la primera l\u00ednea de atenci\u00f3n de los ciudadanos. [&hellip;]<\/p>\n","protected":false},"author":1,"featured_media":7416,"comment_status":"open","ping_status":"open","sticky":false,"template":"","format":"standard","meta":{"_jetpack_memberships_contains_paid_content":false,"footnotes":""},"categories":[2],"tags":[],"class_list":["post-7415","post","type-post","status-publish","format-standard","has-post-thumbnail","hentry","category-estado"],"jetpack_featured_media_url":"https:\/\/encuentroinformativo.com.mx\/wp-content\/uploads\/2020\/10\/4230CB1C-5EB9-44B0-91DE-EB4E2533FF31.jpeg","jetpack_sharing_enabled":true,"jetpack_likes_enabled":true,"amp_enabled":true,"_links":{"self":[{"href":"https:\/\/encuentroinformativo.com.mx\/index.php?rest_route=\/wp\/v2\/posts\/7415","targetHints":{"allow":["GET"]}}],"collection":[{"href":"https:\/\/encuentroinformativo.com.mx\/index.php?rest_route=\/wp\/v2\/posts"}],"about":[{"href":"https:\/\/encuentroinformativo.com.mx\/index.php?rest_route=\/wp\/v2\/types\/post"}],"author":[{"embeddable":true,"href":"https:\/\/encuentroinformativo.com.mx\/index.php?rest_route=\/wp\/v2\/users\/1"}],"replies":[{"embeddable":true,"href":"https:\/\/encuentroinformativo.com.mx\/index.php?rest_route=%2Fwp%2Fv2%2Fcomments&post=7415"}],"version-history":[{"count":1,"href":"https:\/\/encuentroinformativo.com.mx\/index.php?rest_route=\/wp\/v2\/posts\/7415\/revisions"}],"predecessor-version":[{"id":7417,"href":"https:\/\/encuentroinformativo.com.mx\/index.php?rest_route=\/wp\/v2\/posts\/7415\/revisions\/7417"}],"wp:featuredmedia":[{"embeddable":true,"href":"https:\/\/encuentroinformativo.com.mx\/index.php?rest_route=\/wp\/v2\/media\/7416"}],"wp:attachment":[{"href":"https:\/\/encuentroinformativo.com.mx\/index.php?rest_route=%2Fwp%2Fv2%2Fmedia&parent=7415"}],"wp:term":[{"taxonomy":"category","embeddable":true,"href":"https:\/\/encuentroinformativo.com.mx\/index.php?rest_route=%2Fwp%2Fv2%2Fcategories&post=7415"},{"taxonomy":"post_tag","embeddable":true,"href":"https:\/\/encuentroinformativo.com.mx\/index.php?rest_route=%2Fwp%2Fv2%2Ftags&post=7415"}],"curies":[{"name":"wp","href":"https:\/\/api.w.org\/{rel}","templated":true}]}}