{"id":7423,"date":"2020-10-27T16:50:26","date_gmt":"2020-10-27T22:50:26","guid":{"rendered":"https:\/\/encuentroinformativo.com.mx\/?p=7423"},"modified":"2020-10-27T16:50:29","modified_gmt":"2020-10-27T22:50:29","slug":"veracruzanos-escriben-primer-libro-de-economia-tras-pandemia","status":"publish","type":"post","link":"https:\/\/encuentroinformativo.com.mx\/?p=7423","title":{"rendered":"Veracruzanos escriben primer libro de econom\u00eda tras pandemia"},"content":{"rendered":"\n<p><strong>Alejandro \u00c1vila<\/strong><\/p>\n\n\n\n<p>Veracruz, Ver.- Dos veracruzanos escriben libro sobre las afectaciones econ\u00f3micas en M\u00e9xico por la pandemia de COVID-19.<\/p>\n\n\n\n<p>Se trata de dos j\u00f3venes de apenas 20 a\u00f1os de edad y estudiantes del quinto semestre de Econom\u00eda en la Universidad Crist\u00f3bal Col\u00f3n.<\/p>\n\n\n\n<p>Kevin Louis Castro es originario de Jamapa, mientras que Armando \u00c1lvarez es nacido en Villa Juanita, comunidad perteneciente a San Juan Evangelista.<\/p>\n\n\n\n<p>Ambos muchachos relatan que diversos amigos y familiares les preguntaban constantemente que tan grave ser\u00eda la situaci\u00f3n de M\u00e9xico producto de la pandemia, debido a ello, les naci\u00f3 la inquietud de escribir este libro con un lenguaje fresco y fluido que pudieran entender todas las personas.<\/p>\n\n\n\n<p>El Gran Confinamiento en M\u00e9xico, Implicaciones Econ\u00f3micas, es el nombre de esta primera obra que ya se vende en la plataforma de ventas en l\u00ednea Amazon, tanto en digital como impreso, con costos muy accesibles.<\/p>\n\n\n\n<p>\u201cEl enfoque general es crisis sanitaria, crisis econ\u00f3mica, crisis petrolera, medidas fiscales que el gobierno ha implementado para mitigar los efectos de la pandemia, tambi\u00e9n las medias del Banco Central, la comparativa internacional con otros pa\u00edses como Estados Unidos y Europa, como han enfrentado esta crisis y tambi\u00e9n hacemos las expectativas que tiene M\u00e9xico a futuro\u201d, se\u00f1al\u00f3 Armando \u00c1lvarez.<\/p>\n\n\n\n<p>Las 123 p\u00e1ginas de este libro que se transforman en siete cap\u00edtulos se empezaron a escribir en abril y quedaron concluidas en julio de este 2020; las cifras y datos obtenidos son oficiales del Banco Mundial, el INEGI y diversas organizaciones mundiales que documentaron el impacto que caus\u00f3 en pa\u00edses de Latinoam\u00e9rica y el mundo.<\/p>\n\n\n\n<p>Este primer libro que realizaron, fue revisado en primera instancia por sus maestros universitarios, posteriormente pas\u00f3 por un control de calidad de la empresa digital Amazon, para poder ponerlo a la venta.<\/p>\n","protected":false},"excerpt":{"rendered":"<p>Alejandro \u00c1vila Veracruz, Ver.- Dos veracruzanos escriben libro sobre las afectaciones econ\u00f3micas en M\u00e9xico por la pandemia de COVID-19. Se trata de dos j\u00f3venes de apenas 20 a\u00f1os de edad y estudiantes del quinto semestre de Econom\u00eda en la Universidad Crist\u00f3bal Col\u00f3n. Kevin Louis Castro es originario de Jamapa, mientras que Armando \u00c1lvarez es nacido [&hellip;]<\/p>\n","protected":false},"author":1,"featured_media":7424,"comment_status":"open","ping_status":"open","sticky":false,"template":"","format":"standard","meta":{"_jetpack_memberships_contains_paid_content":false,"footnotes":""},"categories":[2],"tags":[],"class_list":["post-7423","post","type-post","status-publish","format-standard","has-post-thumbnail","hentry","category-estado"],"jetpack_featured_media_url":"https:\/\/encuentroinformativo.com.mx\/wp-content\/uploads\/2020\/10\/18BC5856-8273-4815-B118-48D45454A6A2.jpeg","jetpack_sharing_enabled":true,"jetpack_likes_enabled":true,"amp_enabled":true,"_links":{"self":[{"href":"https:\/\/encuentroinformativo.com.mx\/index.php?rest_route=\/wp\/v2\/posts\/7423","targetHints":{"allow":["GET"]}}],"collection":[{"href":"https:\/\/encuentroinformativo.com.mx\/index.php?rest_route=\/wp\/v2\/posts"}],"about":[{"href":"https:\/\/encuentroinformativo.com.mx\/index.php?rest_route=\/wp\/v2\/types\/post"}],"author":[{"embeddable":true,"href":"https:\/\/encuentroinformativo.com.mx\/index.php?rest_route=\/wp\/v2\/users\/1"}],"replies":[{"embeddable":true,"href":"https:\/\/encuentroinformativo.com.mx\/index.php?rest_route=%2Fwp%2Fv2%2Fcomments&post=7423"}],"version-history":[{"count":1,"href":"https:\/\/encuentroinformativo.com.mx\/index.php?rest_route=\/wp\/v2\/posts\/7423\/revisions"}],"predecessor-version":[{"id":7425,"href":"https:\/\/encuentroinformativo.com.mx\/index.php?rest_route=\/wp\/v2\/posts\/7423\/revisions\/7425"}],"wp:featuredmedia":[{"embeddable":true,"href":"https:\/\/encuentroinformativo.com.mx\/index.php?rest_route=\/wp\/v2\/media\/7424"}],"wp:attachment":[{"href":"https:\/\/encuentroinformativo.com.mx\/index.php?rest_route=%2Fwp%2Fv2%2Fmedia&parent=7423"}],"wp:term":[{"taxonomy":"category","embeddable":true,"href":"https:\/\/encuentroinformativo.com.mx\/index.php?rest_route=%2Fwp%2Fv2%2Fcategories&post=7423"},{"taxonomy":"post_tag","embeddable":true,"href":"https:\/\/encuentroinformativo.com.mx\/index.php?rest_route=%2Fwp%2Fv2%2Ftags&post=7423"}],"curies":[{"name":"wp","href":"https:\/\/api.w.org\/{rel}","templated":true}]}}