{"id":74263,"date":"2026-01-16T11:20:26","date_gmt":"2026-01-16T17:20:26","guid":{"rendered":"https:\/\/encuentroinformativo.com.mx\/?p=74263"},"modified":"2026-01-16T11:20:26","modified_gmt":"2026-01-16T17:20:26","slug":"paro-de-brazos-caidos-en-instituto-tecnologico-de-boca-del-rio","status":"publish","type":"post","link":"https:\/\/encuentroinformativo.com.mx\/?p=74263","title":{"rendered":"Paro de brazos ca\u00eddos en Instituto Tecnol\u00f3gico de Boca del R\u00edo"},"content":{"rendered":"<p><strong>Alejandro \u00c1vila<\/strong><\/p>\n<p>Boca del R\u00edo, Ver.- Personal docente y administrativo del Instituto Tecnol\u00f3gico de Boca del R\u00edo se uni\u00f3 al paro nacional debido al retraso en pagos que aquejan desde julio del 2025.<\/p>\n<p>El l\u00edder sindical, Atanasio Barullo Rosales dio a conocer que, los afectados en el Instituto Tecnol\u00f3gico de Boca del R\u00edo son alrededor de 240 personas, sin embargo, a nivel nacional superan los 40 mil.<\/p>\n<p>&#8220;Se nos han retrasado pagos de forma reiterada, en dos, tres, hasta cuatro ocasiones, entonces, que sabemos que se nos pague en tiempo y forma, que no se siga repitiendo porque antes era ocasional, pero este a\u00f1o (ciclo escolar) ya van tres o cuatro veces&#8221;, expres\u00f3.<\/p>\n<p>Los afectados se\u00f1alaron que desean se pueda resolver su situaci\u00f3n lo antes posible, pues la intenci\u00f3n no es afectar a los alumnos de los diferentes tecnol\u00f3gicos de la entidad veracruzana.<\/p>\n","protected":false},"excerpt":{"rendered":"<p>Alejandro \u00c1vila Boca del R\u00edo, Ver.- Personal docente y administrativo del Instituto Tecnol\u00f3gico de Boca del R\u00edo se uni\u00f3 al paro nacional debido al retraso en pagos que aquejan desde julio del 2025. El l\u00edder sindical, Atanasio Barullo Rosales dio a conocer que, los afectados en el Instituto Tecnol\u00f3gico de Boca del R\u00edo son alrededor [&hellip;]<\/p>\n","protected":false},"author":2476,"featured_media":74264,"comment_status":"open","ping_status":"open","sticky":false,"template":"","format":"standard","meta":{"_jetpack_memberships_contains_paid_content":false,"footnotes":""},"categories":[2],"tags":[],"class_list":["post-74263","post","type-post","status-publish","format-standard","has-post-thumbnail","hentry","category-estado"],"jetpack_featured_media_url":"https:\/\/encuentroinformativo.com.mx\/wp-content\/uploads\/2026\/01\/IMG-20260116-WA0129.jpg","jetpack_sharing_enabled":true,"jetpack_likes_enabled":true,"amp_enabled":true,"_links":{"self":[{"href":"https:\/\/encuentroinformativo.com.mx\/index.php?rest_route=\/wp\/v2\/posts\/74263","targetHints":{"allow":["GET"]}}],"collection":[{"href":"https:\/\/encuentroinformativo.com.mx\/index.php?rest_route=\/wp\/v2\/posts"}],"about":[{"href":"https:\/\/encuentroinformativo.com.mx\/index.php?rest_route=\/wp\/v2\/types\/post"}],"author":[{"embeddable":true,"href":"https:\/\/encuentroinformativo.com.mx\/index.php?rest_route=\/wp\/v2\/users\/2476"}],"replies":[{"embeddable":true,"href":"https:\/\/encuentroinformativo.com.mx\/index.php?rest_route=%2Fwp%2Fv2%2Fcomments&post=74263"}],"version-history":[{"count":1,"href":"https:\/\/encuentroinformativo.com.mx\/index.php?rest_route=\/wp\/v2\/posts\/74263\/revisions"}],"predecessor-version":[{"id":74265,"href":"https:\/\/encuentroinformativo.com.mx\/index.php?rest_route=\/wp\/v2\/posts\/74263\/revisions\/74265"}],"wp:featuredmedia":[{"embeddable":true,"href":"https:\/\/encuentroinformativo.com.mx\/index.php?rest_route=\/wp\/v2\/media\/74264"}],"wp:attachment":[{"href":"https:\/\/encuentroinformativo.com.mx\/index.php?rest_route=%2Fwp%2Fv2%2Fmedia&parent=74263"}],"wp:term":[{"taxonomy":"category","embeddable":true,"href":"https:\/\/encuentroinformativo.com.mx\/index.php?rest_route=%2Fwp%2Fv2%2Fcategories&post=74263"},{"taxonomy":"post_tag","embeddable":true,"href":"https:\/\/encuentroinformativo.com.mx\/index.php?rest_route=%2Fwp%2Fv2%2Ftags&post=74263"}],"curies":[{"name":"wp","href":"https:\/\/api.w.org\/{rel}","templated":true}]}}