{"id":74266,"date":"2026-01-16T11:25:58","date_gmt":"2026-01-16T17:25:58","guid":{"rendered":"https:\/\/encuentroinformativo.com.mx\/?p=74266"},"modified":"2026-01-16T11:25:58","modified_gmt":"2026-01-16T17:25:58","slug":"reconoce-alcalde-falta-de-mantenimiento-en-suministro-electrico-en-alvarado","status":"publish","type":"post","link":"https:\/\/encuentroinformativo.com.mx\/?p=74266","title":{"rendered":"Reconoce alcalde falta de mantenimiento en suministro el\u00e9ctrico en Alvarado"},"content":{"rendered":"<p><strong>Alejandro \u00c1vila<\/strong><\/p>\n<p>Alvarado, Ver.- El alcalde Alberto Cobos reconoci\u00f3 que el problema de energ\u00eda el\u00e9ctrica en el municipio se debe a la falta de mantenimiento en transformadores y l\u00edneas que cruzan la ciudad, situaci\u00f3n que se ha agravado al paso de los a\u00f1os.<\/p>\n<p>En ese sentido, dio a conocer que sostuvo una reuni\u00f3n urgente con el Gerente de Divisi\u00f3n y el Superintendente de Zona de la Comisi\u00f3n Federal de Electricidad (CFE), para coadyuvar durante el primer trimestre del 2026 y brindar el servicio correcto a la ciudadan\u00eda.<\/p>\n<p>&#8220;Son problemas que se presentan a nivel nacional y estatal, falta de mantenimiento, la antig\u00fcedad del mismo equipo, hay que prever esas situaciones (&#8230;) fueron dos colonias, Paso Nacional y Escolleras,npero tambi\u00e9n se presentan fallas en Infonavit, Pescador, Villas de Alvarado, etc\u00e9tera (&#8230;) en comunidades igual, CFE ya lo sabe, trae el dato correcto y estamos trabajando de la mano con ellos&#8221;, expres\u00f3.<\/p>\n<p>Beto Cobos dio a conocer que el Ayuntamiento aportar\u00e1 a personal de Protecci\u00f3n Civil y Servicios Generales, para que le faciliten los trabajos a los elementos de Comisi\u00f3n Federal de Electricidad, y puedan mejorar el servicio de energ\u00eda el\u00e9ctrica en Alvarado.<\/p>\n","protected":false},"excerpt":{"rendered":"<p>Alejandro \u00c1vila Alvarado, Ver.- El alcalde Alberto Cobos reconoci\u00f3 que el problema de energ\u00eda el\u00e9ctrica en el municipio se debe a la falta de mantenimiento en transformadores y l\u00edneas que cruzan la ciudad, situaci\u00f3n que se ha agravado al paso de los a\u00f1os. En ese sentido, dio a conocer que sostuvo una reuni\u00f3n urgente con [&hellip;]<\/p>\n","protected":false},"author":2476,"featured_media":74267,"comment_status":"open","ping_status":"open","sticky":false,"template":"","format":"standard","meta":{"_jetpack_memberships_contains_paid_content":false,"footnotes":""},"categories":[2],"tags":[],"class_list":["post-74266","post","type-post","status-publish","format-standard","has-post-thumbnail","hentry","category-estado"],"jetpack_featured_media_url":"https:\/\/encuentroinformativo.com.mx\/wp-content\/uploads\/2026\/01\/IMG-20260116-WA0108.jpg","jetpack_sharing_enabled":true,"jetpack_likes_enabled":true,"amp_enabled":true,"_links":{"self":[{"href":"https:\/\/encuentroinformativo.com.mx\/index.php?rest_route=\/wp\/v2\/posts\/74266","targetHints":{"allow":["GET"]}}],"collection":[{"href":"https:\/\/encuentroinformativo.com.mx\/index.php?rest_route=\/wp\/v2\/posts"}],"about":[{"href":"https:\/\/encuentroinformativo.com.mx\/index.php?rest_route=\/wp\/v2\/types\/post"}],"author":[{"embeddable":true,"href":"https:\/\/encuentroinformativo.com.mx\/index.php?rest_route=\/wp\/v2\/users\/2476"}],"replies":[{"embeddable":true,"href":"https:\/\/encuentroinformativo.com.mx\/index.php?rest_route=%2Fwp%2Fv2%2Fcomments&post=74266"}],"version-history":[{"count":1,"href":"https:\/\/encuentroinformativo.com.mx\/index.php?rest_route=\/wp\/v2\/posts\/74266\/revisions"}],"predecessor-version":[{"id":74268,"href":"https:\/\/encuentroinformativo.com.mx\/index.php?rest_route=\/wp\/v2\/posts\/74266\/revisions\/74268"}],"wp:featuredmedia":[{"embeddable":true,"href":"https:\/\/encuentroinformativo.com.mx\/index.php?rest_route=\/wp\/v2\/media\/74267"}],"wp:attachment":[{"href":"https:\/\/encuentroinformativo.com.mx\/index.php?rest_route=%2Fwp%2Fv2%2Fmedia&parent=74266"}],"wp:term":[{"taxonomy":"category","embeddable":true,"href":"https:\/\/encuentroinformativo.com.mx\/index.php?rest_route=%2Fwp%2Fv2%2Fcategories&post=74266"},{"taxonomy":"post_tag","embeddable":true,"href":"https:\/\/encuentroinformativo.com.mx\/index.php?rest_route=%2Fwp%2Fv2%2Ftags&post=74266"}],"curies":[{"name":"wp","href":"https:\/\/api.w.org\/{rel}","templated":true}]}}